{"id":32528,"date":"2022-09-05T10:49:00","date_gmt":"2022-09-05T13:49:00","guid":{"rendered":"https:\/\/www.radiopresidenteibanez.cl\/web\/?p=32528"},"modified":"2022-09-05T10:21:05","modified_gmt":"2022-09-05T13:21:05","slug":"exposicion-rostros-de-la-memoria-se-exhibe-en-museo-regional","status":"publish","type":"post","link":"https:\/\/www.radiopresidenteibanez.cl\/web\/exposicion-rostros-de-la-memoria-se-exhibe-en-museo-regional\/","title":{"rendered":"EXPOSICION ROSTROS DE LA MEMORIA SE EXHIBE EN MUSEO REGIONAL"},"content":{"rendered":"\n<p>Ante la presencia de autoridades regionales encabezadas por el Gobernador Jorge Flies; la diputada Javiera Morales, su par Carlos Bianchi y el Seremi de las Culturas, las Artes y el Patrimonio, Diego Garc\u00eda, se inaugur\u00f3 el reciente viernes la exposici\u00f3n \u00abRostros de la Memoria\u00bb, en el Museo Regional de Magallanes.<\/p>\n\n\n\n<p>La muestra, un trabajo desarrollado por el artista e investigador en temas de Derechos Humanos, Iv\u00e1n Gonz\u00e1lez, incluye nueve retratos de personas ejecutadas o hechas desaparecer en la regi\u00f3n de Magallanes, durante la dictadura c\u00edvico militar ocurrida en Chile, entre los a\u00f1os 1973 y 1990.<\/p>\n\n\n\n<p>\u00abHemos inaugurado esta exposici\u00f3n en el Museo Regional, que creo es un tremendo espacio para justamente relevar y fortalecer lo que andamos buscando; que la semblanza de ellos sea visible a una gran cantidad de p\u00fablico, pero que adem\u00e1s pueda conocer sus historias de vida. Para ello hemos implementado c\u00e1psulas de v\u00eddeo, con voces en off de distintos autores que relatan las historias de estas personas\u00bb, argument\u00f3 Gonz\u00e1lez, tras relatar durante la ceremonia el proceso de elaboraci\u00f3n de la obra y la reconstrucci\u00f3n hist\u00f3rica que llev\u00f3 a cabo a partir de la recopilaci\u00f3n de publicaciones, entrevistas y fotograf\u00edas.<\/p>\n\n\n\n<p>Los retratos de Susana Obando Co\u00f1u\u00e9, Mart\u00edn Miranda Aguilar, Ram\u00f3n Gonz\u00e1lez Ortega, Jos\u00e9 \u00c1lvarez Barr\u00eda, Silvio Bettancourt, Juan C\u00e1rdenas P\u00e9rez, Germ\u00e1n C\u00e1rcamo Carrasco, Carlos Baigorri Hern\u00e1ndez y Jorge Parra Alarc\u00f3n, fueron hechos con l\u00e1piz grafito sobre papel fabriano y canson. <\/p>\n\n\n\n<p>\u00abEn el trabajo de Iv\u00e1n queda al descubierto su gran calidad t\u00e9cnica como artista y c\u00f3mo logra contextualizar, a trav\u00e9s del dibujo un momento pa\u00eds sumamente complejo. Estas son formas que tenemos como Serem\u00eda de las Culturas de acercar esas tem\u00e1ticas a la comunidad de manera did\u00e1ctica\u00bb, coment\u00f3 el Seremi de las Culturas, Diego Garc\u00eda respecto de la exposici\u00f3n que permanecer\u00e1 abierta al p\u00fablico hasta el 19 de septiembre y que se puede visitar de manera gratuita.<\/p>\n\n\n\n<p>Los antecedentes y bibliograf\u00eda de las nueve v\u00edctimas de la dictadura que conforman la muestra se encuentran publicadas en el canal Youtube: Rostros de la Memoria (https:\/\/m.youtube.com\/channel\/UC4CjIo1WraaFzhxIxJafmOw)<\/p>\n\n\n\n<p>\u00abRostros de la Memoria\u00bb, proyecto que para su ejecuci\u00f3n cont\u00f3 con el apoyo de la Seremi de las Culturas, a trav\u00e9s del programa Memoria y Derechos Humanos, ya fue exhibida en Casa Azul del Arte, espacio comunitario La Idea y en la Biblioteca P\u00fablica de Puerto Natales. Durante octubre continuar\u00e1 su itinerancia por Tierra del Fuego, llegando a las comunas de Primavera y Porvenir.<\/p>\n","protected":false},"excerpt":{"rendered":"<p>Ante la presencia de autoridades regionales encabezadas por el Gobernador Jorge Flies; la diputada Javiera Morales, su par Carlos Bianchi y el Seremi de las Culturas, las Artes y el&#8230; <a class=\"read-more\" href=\"https:\/\/www.radiopresidenteibanez.cl\/web\/exposicion-rostros-de-la-memoria-se-exhibe-en-museo-regional\/\">Leer m\u00e1s<\/a><\/p>\n","protected":false},"author":2,"featured_media":32529,"comment_status":"closed","ping_status":"closed","sticky":false,"template":"","format":"standard","meta":{"footnotes":""},"categories":[1],"tags":[],"class_list":["post-32528","post","type-post","status-publish","format-standard","has-post-thumbnail","hentry","category-cronica"],"_links":{"self":[{"href":"https:\/\/www.radiopresidenteibanez.cl\/web\/wp-json\/wp\/v2\/posts\/32528","targetHints":{"allow":["GET"]}}],"collection":[{"href":"https:\/\/www.radiopresidenteibanez.cl\/web\/wp-json\/wp\/v2\/posts"}],"about":[{"href":"https:\/\/www.radiopresidenteibanez.cl\/web\/wp-json\/wp\/v2\/types\/post"}],"author":[{"embeddable":true,"href":"https:\/\/www.radiopresidenteibanez.cl\/web\/wp-json\/wp\/v2\/users\/2"}],"replies":[{"embeddable":true,"href":"https:\/\/www.radiopresidenteibanez.cl\/web\/wp-json\/wp\/v2\/comments?post=32528"}],"version-history":[{"count":0,"href":"https:\/\/www.radiopresidenteibanez.cl\/web\/wp-json\/wp\/v2\/posts\/32528\/revisions"}],"wp:featuredmedia":[{"embeddable":true,"href":"https:\/\/www.radiopresidenteibanez.cl\/web\/wp-json\/wp\/v2\/media\/32529"}],"wp:attachment":[{"href":"https:\/\/www.radiopresidenteibanez.cl\/web\/wp-json\/wp\/v2\/media?parent=32528"}],"wp:term":[{"taxonomy":"category","embeddable":true,"href":"https:\/\/www.radiopresidenteibanez.cl\/web\/wp-json\/wp\/v2\/categories?post=32528"},{"taxonomy":"post_tag","embeddable":true,"href":"https:\/\/www.radiopresidenteibanez.cl\/web\/wp-json\/wp\/v2\/tags?post=32528"}],"curies":[{"name":"wp","href":"https:\/\/api.w.org\/{rel}","templated":true}]}}