{"id":32514,"date":"2022-09-04T09:29:27","date_gmt":"2022-09-04T12:29:27","guid":{"rendered":"https:\/\/www.radiopresidenteibanez.cl\/web\/?p=32514"},"modified":"2022-09-04T09:29:35","modified_gmt":"2022-09-04T12:29:35","slug":"el-cambio-es-ahora","status":"publish","type":"post","link":"https:\/\/www.radiopresidenteibanez.cl\/web\/el-cambio-es-ahora\/","title":{"rendered":"El Cambio es Ahora"},"content":{"rendered":"\n<p>Hace casi tres a\u00f1os dir\u00e1n que parti\u00f3 todo, octubre 2019 cubierto de Pueblo las calles de Chile exigiendo Dignidad en medio del oasis latinoamericano. Pero antecedieron por d\u00e9cadas centenares de \u201cmicro estallidos\u201d en cada rinc\u00f3n de Chile demandando educaci\u00f3n, salud, trabajo digno, cierre de industrias contaminantes, r\u00edos libres, libertad, justicia y a\u00fan as\u00ed, no lo vieron venir. Tan profunda ha sido la crisis de legitimidad y el desfonde institucional que no vieron lo evidente: los dolores de un pueblo invisible a la pol\u00edtica de las \u00e9lites.<\/p>\n\n\n\n<p>Contra toda adversidad logramos sacar un proceso constituyente a contrapelo de un gobierno criminal, al que no le tembl\u00f3 la mano para levantar las armas -una vez m\u00e1s-, contra el pueblo, un gobierno impune cuyo legado de mutilaci\u00f3n y muerte no logr\u00f3 callar nuestra voz. Un proceso donde por vez primera, fue representado el pueblo de Chile en su inmensa diversidad territorial y cultural, \u00a1el primero paritario en el mundo! donde logramos llegar tambi\u00e9n con la voz de los movimientos sociales a abrir las puertas de una nueva historia.<\/p>\n\n\n\n<p>Y es en medio de este dif\u00edcil tr\u00e1nsito que debemos recordar que cada derecho ganado ha sido fruto de organizaci\u00f3n y lucha social, de trabajadoras y trabajadores, de mujeres y feministas, defensoras de la tierra, grandes movimientos sociales que han logrado torcer la mano al abuso en distintos momentos de la historia. Recordar que nunca se nos ha regalado nada. Y as\u00ed mismo,que cada derecho conquistado no puede darse nunca por ganado, debemos estar vigilantes toda la vida, pues bastar\u00e1 una crisis pol\u00edtica, econ\u00f3mica o religiosa para que todo lo avanzado nos sea arrebatado.&nbsp;<\/p>\n\n\n\n<p>Agradezco de este proceso haber encontrado miles de miradas, anhelos, voluntades inquebrantables, tambi\u00e9n rabia, frustraci\u00f3n y desesperanza profunda, cada cruce de miradas reafirma esta firme convicci\u00f3n de cambiar este pa\u00eds de heridas abiertas, escondidas tras luces y pantallas, las que cargamos por vivir generaciones de atropellos, injusticias, postergaciones, todo tipo de violencias amparadas en el marco de un Estado muchas veces c\u00f3mplice y ausente.&nbsp;<\/p>\n\n\n\n<p>No podemos seguir esperando, el cambio es ahora.<\/p>\n\n\n\n<p>Hoy damos un gran paso como pueblo, de aprendizaje intenso, de recomposici\u00f3n acelerada de tejido social, de dotarnos democr\u00e1tica y paritariamente nuestra carta fundamental, abrazamos este momento como uno de los mayores logros de nuestra sabidur\u00eda colectiva. Qui\u00e9n dir\u00eda que llegar\u00edamos tan lejos\u2026 la esperanza est\u00e1 puesta en Chile, y el triunfo ser\u00e1, probablemente, la conquista popular m\u00e1s grande de nuestra historia.&nbsp;<\/p>\n\n\n\n<p>Este domingo los ojos del mundo estar\u00e1n puestos en Magallanes y con la apertura anticipada de nuestras urnas, hacemos un llamado a demostrar con convicci\u00f3n y esperanza que la Patagonia Rebelde da un paso al frente digna y orgullosa, para otorgarnos libremente esta Constituci\u00f3n, acordada en un proceso participativo, paritario y democr\u00e1tico. Seremos la primera regi\u00f3n que le dir\u00e1 a Chile y el mundo: \u00a1fin a la constituci\u00f3n del tirano!<\/p>\n\n\n\n<p>\u00a1Viva Chile social, democr\u00e1tico y de derecho, plurinacional, intercultural, regional y ecol\u00f3gico!<br><\/p>\n","protected":false},"excerpt":{"rendered":"<p>Hace casi tres a\u00f1os dir\u00e1n que parti\u00f3 todo, octubre 2019 cubierto de Pueblo las calles de Chile exigiendo Dignidad en medio del oasis latinoamericano. Pero antecedieron por d\u00e9cadas centenares de&#8230; <a class=\"read-more\" href=\"https:\/\/www.radiopresidenteibanez.cl\/web\/el-cambio-es-ahora\/\">Leer m\u00e1s<\/a><\/p>\n","protected":false},"author":2,"featured_media":32515,"comment_status":"closed","ping_status":"closed","sticky":false,"template":"","format":"standard","meta":{"footnotes":""},"categories":[1],"tags":[],"class_list":["post-32514","post","type-post","status-publish","format-standard","has-post-thumbnail","hentry","category-cronica"],"_links":{"self":[{"href":"https:\/\/www.radiopresidenteibanez.cl\/web\/wp-json\/wp\/v2\/posts\/32514","targetHints":{"allow":["GET"]}}],"collection":[{"href":"https:\/\/www.radiopresidenteibanez.cl\/web\/wp-json\/wp\/v2\/posts"}],"about":[{"href":"https:\/\/www.radiopresidenteibanez.cl\/web\/wp-json\/wp\/v2\/types\/post"}],"author":[{"embeddable":true,"href":"https:\/\/www.radiopresidenteibanez.cl\/web\/wp-json\/wp\/v2\/users\/2"}],"replies":[{"embeddable":true,"href":"https:\/\/www.radiopresidenteibanez.cl\/web\/wp-json\/wp\/v2\/comments?post=32514"}],"version-history":[{"count":0,"href":"https:\/\/www.radiopresidenteibanez.cl\/web\/wp-json\/wp\/v2\/posts\/32514\/revisions"}],"wp:featuredmedia":[{"embeddable":true,"href":"https:\/\/www.radiopresidenteibanez.cl\/web\/wp-json\/wp\/v2\/media\/32515"}],"wp:attachment":[{"href":"https:\/\/www.radiopresidenteibanez.cl\/web\/wp-json\/wp\/v2\/media?parent=32514"}],"wp:term":[{"taxonomy":"category","embeddable":true,"href":"https:\/\/www.radiopresidenteibanez.cl\/web\/wp-json\/wp\/v2\/categories?post=32514"},{"taxonomy":"post_tag","embeddable":true,"href":"https:\/\/www.radiopresidenteibanez.cl\/web\/wp-json\/wp\/v2\/tags?post=32514"}],"curies":[{"name":"wp","href":"https:\/\/api.w.org\/{rel}","templated":true}]}}