{"id":3251,"date":"2019-04-11T14:36:42","date_gmt":"2019-04-11T14:36:42","guid":{"rendered":"http:\/\/www.radiopresidenteibanez.cl\/web\/?p=3251"},"modified":"2019-04-11T14:37:26","modified_gmt":"2019-04-11T14:37:26","slug":"kusanovic-si-la-senadora-goic-quiere-convertir-a-magallanes-en-una-gran-reserva-que-nos-diga-como-nos-van-a-compensar","status":"publish","type":"post","link":"https:\/\/www.radiopresidenteibanez.cl\/web\/kusanovic-si-la-senadora-goic-quiere-convertir-a-magallanes-en-una-gran-reserva-que-nos-diga-como-nos-van-a-compensar\/","title":{"rendered":"KUSANOVIC: \u201cSI LA SENADORA GOIC QUIERE CONVERTIR A MAGALLANES EN UNA GRAN RESERVA QUE NOS DIGA C\u00d3MO NOS VAN A COMPENSAR\u201d"},"content":{"rendered":"\n<p>La instalaci\u00f3n de actividades productivas que conllevan inversiones y creaci\u00f3n de miles de puestos de trabajo contin\u00faa generando pol\u00e9mica entre la senadora Carolina Goic, detractora de estos emprendimientos y el consejero regional, Alejandro Kusanovic quien ha defendido la generaci\u00f3n de industrias sustentables en la zona austral del pa\u00eds.<\/p>\n\n\n\n<p>Es as\u00ed como frente a la instalaci\u00f3n de la salmonicultura y de la miner\u00eda del carb\u00f3n, la parlamentaria de la Democracia Cristiana ha tenido una postura contraria, insistiendo en que en Magallanes no deben instalarse dichas actividades para proteger el medio ambiente.<\/p>\n\n\n\n<p>\u201cLa intenci\u00f3n de mantener a Magallanes como gran reserva natural debe tener una contraparte, una compensaci\u00f3n econ\u00f3mica para la regi\u00f3n\u201d, indic\u00f3 el core agregando que constituye \u201cuna irresponsabilidad proponer cerrar nuestro territorio a todas las actividades productivas. Si la senadora Goic quiere convertir a Magallanes en una gran reserva que nos diga c\u00f3mo nos van a compensar.\u201d<\/p>\n\n\n\n<p>Cabe recordar que, con la aprobaci\u00f3n del Parque Nacional Alacalufe, el 50%&nbsp; del territorio regional se dedicar\u00e1 exclusivamente a la conservaci\u00f3n y un 90% del borde costero local se ver\u00e1 impedido de ser utilizado para actividades productivas.<\/p>\n\n\n\n<p>\u201cEs una locura entregar todo ese territorio a la conservaci\u00f3n y que no exista una compensaci\u00f3n por parte del Estado a los habitantes de Magallanes por la imposibilidad de usufructuar de esas riquezas. \u00bfQu\u00e9 pasar\u00eda si se estableciera que el 50% del valle central se tiene que convertir en reserva natural? \u00bfD\u00f3nde se producir\u00eda el vino, las frutas y verduras que hoy se generan y que dan empleo a miles de personas?\u201d, reflexion\u00f3 Kusanovic.<\/p>\n\n\n\n<p>Dijo que las actividades productivas que se instalan en la regi\u00f3n cumplen con todas las leyes y normativas vigente en Chile las que han sido aprobadas por los parlamentarios.<\/p>\n\n\n\n<p>Kusanovic hizo ver tambi\u00e9n que la gran cantidad de parques y reservas naturales se han establecido en la regi\u00f3n sin consultarle a la comunidad magall\u00e1nica. \u201cSacrificar el desarrollo de Magallanes para utilizarlo de bandera de lucha y para vanagloriarse con organismos internacionales es un precio demasiado grande a pagar\u201d, se quej\u00f3 el core.<\/p>\n\n\n\n<p>Llam\u00f3 a los parlamentarios a tratar este tema en forma muy seria \u201cya qu\u00e9 nos jugamos el futuro. Hace 100 a\u00f1os fue la ganader\u00eda con la introducci\u00f3n de las ovejas, hace 60 a\u00f1os fueron los hidrocarburos y hoy es la salmonicultura: tenemos nuestra tercera oportunidad de desarrollarnos como regi\u00f3n extrema, no la podemos desaprovechar\u201d, reflexion\u00f3 el consejero regional por Magallanes.<\/p>\n\n\n\n<p>Finalmente llam\u00f3 a la senadora a no utilizar estrategias de victimizaci\u00f3n por se mujer o de demonizar a los empresarios. \u201cAqu\u00ed lo importante es el desarrolla de Magallanes y la calidad de vida de quienes hacemos patria en la regi\u00f3n m\u00e1s extrema de Chile.\u201d<\/p>\n\n\n\n<figure class=\"wp-block-image\"><img loading=\"lazy\" decoding=\"async\" width=\"900\" height=\"598\" src=\"https:\/\/www.radiopresidenteibanez.cl\/web\/wp-content\/uploads\/2019\/04\/DSC08296.jpg\" alt=\"\" class=\"wp-image-3252\" srcset=\"https:\/\/www.radiopresidenteibanez.cl\/web\/wp-content\/uploads\/2019\/04\/DSC08296.jpg 900w, https:\/\/www.radiopresidenteibanez.cl\/web\/wp-content\/uploads\/2019\/04\/DSC08296-300x199.jpg 300w, https:\/\/www.radiopresidenteibanez.cl\/web\/wp-content\/uploads\/2019\/04\/DSC08296-768x510.jpg 768w\" sizes=\"auto, (max-width: 900px) 100vw, 900px\" \/><\/figure>\n","protected":false},"excerpt":{"rendered":"<p>La instalaci\u00f3n de actividades productivas que conllevan inversiones y creaci\u00f3n de miles de puestos de trabajo contin\u00faa generando pol\u00e9mica entre la senadora Carolina Goic, detractora de estos emprendimientos y el&#8230; <a class=\"read-more\" href=\"https:\/\/www.radiopresidenteibanez.cl\/web\/kusanovic-si-la-senadora-goic-quiere-convertir-a-magallanes-en-una-gran-reserva-que-nos-diga-como-nos-van-a-compensar\/\">Leer m\u00e1s<\/a><\/p>\n","protected":false},"author":2,"featured_media":3252,"comment_status":"closed","ping_status":"closed","sticky":false,"template":"","format":"standard","meta":{"footnotes":""},"categories":[1],"tags":[],"class_list":["post-3251","post","type-post","status-publish","format-standard","has-post-thumbnail","hentry","category-cronica"],"_links":{"self":[{"href":"https:\/\/www.radiopresidenteibanez.cl\/web\/wp-json\/wp\/v2\/posts\/3251","targetHints":{"allow":["GET"]}}],"collection":[{"href":"https:\/\/www.radiopresidenteibanez.cl\/web\/wp-json\/wp\/v2\/posts"}],"about":[{"href":"https:\/\/www.radiopresidenteibanez.cl\/web\/wp-json\/wp\/v2\/types\/post"}],"author":[{"embeddable":true,"href":"https:\/\/www.radiopresidenteibanez.cl\/web\/wp-json\/wp\/v2\/users\/2"}],"replies":[{"embeddable":true,"href":"https:\/\/www.radiopresidenteibanez.cl\/web\/wp-json\/wp\/v2\/comments?post=3251"}],"version-history":[{"count":0,"href":"https:\/\/www.radiopresidenteibanez.cl\/web\/wp-json\/wp\/v2\/posts\/3251\/revisions"}],"wp:featuredmedia":[{"embeddable":true,"href":"https:\/\/www.radiopresidenteibanez.cl\/web\/wp-json\/wp\/v2\/media\/3252"}],"wp:attachment":[{"href":"https:\/\/www.radiopresidenteibanez.cl\/web\/wp-json\/wp\/v2\/media?parent=3251"}],"wp:term":[{"taxonomy":"category","embeddable":true,"href":"https:\/\/www.radiopresidenteibanez.cl\/web\/wp-json\/wp\/v2\/categories?post=3251"},{"taxonomy":"post_tag","embeddable":true,"href":"https:\/\/www.radiopresidenteibanez.cl\/web\/wp-json\/wp\/v2\/tags?post=3251"}],"curies":[{"name":"wp","href":"https:\/\/api.w.org\/{rel}","templated":true}]}}