{"id":32507,"date":"2022-09-03T18:18:00","date_gmt":"2022-09-03T21:18:00","guid":{"rendered":"https:\/\/www.radiopresidenteibanez.cl\/web\/?p=32507"},"modified":"2022-09-02T19:21:07","modified_gmt":"2022-09-02T22:21:07","slug":"gobernador-y-seremi-de-salud-recogen-propuetas-de-gremios-de-turismo-en-torno-a-pandemia","status":"publish","type":"post","link":"https:\/\/www.radiopresidenteibanez.cl\/web\/gobernador-y-seremi-de-salud-recogen-propuetas-de-gremios-de-turismo-en-torno-a-pandemia\/","title":{"rendered":"GOBERNADOR Y SEREMI DE SALUD RECOGEN PROPUETAS DE GREMIOS DE TURISMO EN TORNO A PANDEMIA"},"content":{"rendered":"\n<p>se realiz\u00f3 una reuni\u00f3n organizada por la Seremi de Salud Magallanes a la que estuvieron convocados representantes de diferentes Gremios de Turismo y Gastronom\u00eda de la regi\u00f3n, destinada a recoger propuestas e inquietudes en torno a la normativa en materia de Covid-19 y c\u00f3mo se avanza en un escenario de pandemia diferente a a\u00f1os anteriores.<br>\nLos dirigentes solicitan que frente a la nueva temporada de turismo se flexibilicen medidas como la eliminaci\u00f3n del pase de movilidad y se agilicen los procesos en fronteras. <br>\nSe trat\u00f3 de una instancia de dialogo en la que tambi\u00e9n particip\u00f3 el Gobernador de Magallanes, Jorge Flies, y la Directora Regional de Sernatur, Ximena Castro, que cont\u00f3 con una amplia participaci\u00f3n de los gremios de manera presencial y trav\u00e9s de v\u00eda online desde las otras provincias de la regi\u00f3n.<br>\nEl Gobernador Jorge Flies destac\u00f3 la posibilidad de realizar este dialogo. \u201cUstedes saben que ha habido una petici\u00f3n fuerte desde el mundo del turismo, en el \u00e1mbito de ir facilitando las condiciones de la temporada que se acerca, situaci\u00f3n que ha sido acompa\u00f1ada por la Seremi de Salud, que ha estado en plena conversaci\u00f3n con el nivel central\u201d, manifest\u00f3.<br>\nAgreg\u00f3 que \u201cel tema del pase de movilidad es una decisi\u00f3n central, que tanto la Seremi como quien habla hemos estado conversando con la Ministra y con el Subsecretario. Esperamos tal como se lo dijimos a cada uno de los gremios de la regi\u00f3n, que en los pr\u00f3ximos d\u00edas tengamos buenas noticias al respecto. El compromiso que hemos tomado despu\u00e9s de una larga conversaci\u00f3n tiene que ver con que estemos en condiciones similares a lo que pasa en otros pa\u00edses de Latinoam\u00e9rica. La Seremi dialogar\u00e1 con el Subsecretario, y probablemente yo conversar\u00e9 nuevamente con la Ministra. Nosotros vamos a formalizar una petici\u00f3n perentoria de una disposici\u00f3n que tiene el Ministerio, el cual va a tomar decisiones importantes en conjunto con el nivel mundial de c\u00f3mo seguir con el manejo de la pandemia en el mes de septiembre. Lo que nos han pedido es que esa decisi\u00f3n no sea el 30 de septiembre, sino que ojal\u00e1 para la regi\u00f3n de Magallanes y Chile, se tome lo m\u00e1s anticipadamente\u201d.<br>\nLa SEREMI de Salud Francisca Sanfuentes explic\u00f3 que \u201cesta ha sido una reuni\u00f3n muy productiva en donde hemos podido escuchar cu\u00e1les son las problem\u00e1ticas principales y los requerimientos de los gremios para lograr desarrollar su actividad econ\u00f3mica en esta temporada tur\u00edstica que ya comenz\u00f3, y que esperamos que sea positiva y lo m\u00e1s normal posible en este contexto. Es as\u00ed como hemos discutido ciertas tem\u00e1ticas que tienen que ver con el control del pase de movilidad y tambi\u00e9n con otras estrategias implementadas en temas de fronteras, que nos han planteado en que es necesario ir avanzando y modificando de manera que sea lo m\u00e1s \u00e1gil y expedito posible. Nuestro compromiso es recoger todas estas inquietudes y propuestas, y levantarlas a nivel nacional con la prioridad que nos han manifestado y que nosotros tambi\u00e9n consideramos es importante relevar\u201d.<br>\nEl Presidente de GastroPuq, Jaime Jelincic, recalc\u00f3 que \u201ctenemos la oportunidad de recuperar esta temporada tur\u00edstica. Nuestra actividad beneficia considerablemente a la regi\u00f3n, por lo tanto, lo que estamos pidiendo es que tengamos un acuerdo, incluso con autoridades regionales para que la regi\u00f3n pueda recuperar aquello que ha perdido este a\u00f1o. Estamos satisfechos con esta reuni\u00f3n y vamos a seguir en este trabajo. Creemos que en el corto plazo puede haber un acuerdo permanente y esperamos que de alguna manera esto vaya generando mejores condiciones para que la regi\u00f3n se desarrolle y la industria tur\u00edstica se recupere, y que los ciudadanos estemos cada vez con menor estr\u00e9s frente a esta pandemia\u00bb.<br>\nEn tanto, la Presidenta de la Asociaci\u00f3n Magall\u00e1nica de Empresas de Turismo Austro Chile, Paola Milosevic, destac\u00f3 que \u201cla recepci\u00f3n fue muy buena y pudimos plantear que esto no fue un tema de rebeld\u00eda ni antojadizo, este es un tema de necesidad imperiosa de poder trabajar en condiciones de normalidad y de mayor eficiencia. Destacamos que el tema del pase de movilidad nos est\u00e1 trayendo problemas. La comunidad est\u00e1 muy casada y presionada, y sumado a esto, se nos viene el tema de turismo internacional, donde ellos ya tienen una serie de filtros desde que llegan al pa\u00eds. La autoridad fue muy receptiva y quedamos en una semana de transici\u00f3n. Vamos a tener una pr\u00f3xima reuni\u00f3n, ellos van a plantear estas necesidades a nivel nacional\u201d.<\/p>\n","protected":false},"excerpt":{"rendered":"<p>se realiz\u00f3 una reuni\u00f3n organizada por la Seremi de Salud Magallanes a la que estuvieron convocados representantes de diferentes Gremios de Turismo y Gastronom\u00eda de la regi\u00f3n, destinada a recoger&#8230; <a class=\"read-more\" href=\"https:\/\/www.radiopresidenteibanez.cl\/web\/gobernador-y-seremi-de-salud-recogen-propuetas-de-gremios-de-turismo-en-torno-a-pandemia\/\">Leer m\u00e1s<\/a><\/p>\n","protected":false},"author":2,"featured_media":32508,"comment_status":"closed","ping_status":"closed","sticky":false,"template":"","format":"standard","meta":{"footnotes":""},"categories":[1],"tags":[],"class_list":["post-32507","post","type-post","status-publish","format-standard","has-post-thumbnail","hentry","category-cronica"],"_links":{"self":[{"href":"https:\/\/www.radiopresidenteibanez.cl\/web\/wp-json\/wp\/v2\/posts\/32507","targetHints":{"allow":["GET"]}}],"collection":[{"href":"https:\/\/www.radiopresidenteibanez.cl\/web\/wp-json\/wp\/v2\/posts"}],"about":[{"href":"https:\/\/www.radiopresidenteibanez.cl\/web\/wp-json\/wp\/v2\/types\/post"}],"author":[{"embeddable":true,"href":"https:\/\/www.radiopresidenteibanez.cl\/web\/wp-json\/wp\/v2\/users\/2"}],"replies":[{"embeddable":true,"href":"https:\/\/www.radiopresidenteibanez.cl\/web\/wp-json\/wp\/v2\/comments?post=32507"}],"version-history":[{"count":0,"href":"https:\/\/www.radiopresidenteibanez.cl\/web\/wp-json\/wp\/v2\/posts\/32507\/revisions"}],"wp:featuredmedia":[{"embeddable":true,"href":"https:\/\/www.radiopresidenteibanez.cl\/web\/wp-json\/wp\/v2\/media\/32508"}],"wp:attachment":[{"href":"https:\/\/www.radiopresidenteibanez.cl\/web\/wp-json\/wp\/v2\/media?parent=32507"}],"wp:term":[{"taxonomy":"category","embeddable":true,"href":"https:\/\/www.radiopresidenteibanez.cl\/web\/wp-json\/wp\/v2\/categories?post=32507"},{"taxonomy":"post_tag","embeddable":true,"href":"https:\/\/www.radiopresidenteibanez.cl\/web\/wp-json\/wp\/v2\/tags?post=32507"}],"curies":[{"name":"wp","href":"https:\/\/api.w.org\/{rel}","templated":true}]}}