{"id":32482,"date":"2022-09-02T18:41:00","date_gmt":"2022-09-02T21:41:00","guid":{"rendered":"https:\/\/www.radiopresidenteibanez.cl\/web\/?p=32482"},"modified":"2022-09-02T12:18:59","modified_gmt":"2022-09-02T15:18:59","slug":"asume-nuevo-coordinador-regional-de-senama-en-magallanes","status":"publish","type":"post","link":"https:\/\/www.radiopresidenteibanez.cl\/web\/asume-nuevo-coordinador-regional-de-senama-en-magallanes\/","title":{"rendered":"Asume nuevo Coordinador Regional de SENAMA en Magallanes"},"content":{"rendered":"\n<p>Durante esta tarde el Seremi de Desarrollo Social y Familia, Danilo Mimica Mansilla, hizo oficial el nombramiento del nuevo Coordinador del Servicio Nacional del Adulto Mayor (SENAMA), instituci\u00f3n que tiene como objetivo promover y contribuir a un envejecimiento positivo, mediante la implementaci\u00f3n de pol\u00edticas, programas, articulaci\u00f3n intersectorial y alianzas p\u00fablico-privadas.<\/p>\n\n\n\n<p>Se trata de Nicol\u00e1s Soto C\u00e1rdenas, joven magall\u00e1nico de 25 a\u00f1os, que estudi\u00f3 su ense\u00f1anza b\u00e1sica en la Escuela Patagonia y su ense\u00f1anza media en el Instituto don Bosco, mientras que su educaci\u00f3n superior la curs\u00f3 en la Universidad de Magallanes (UMAG), donde se titul\u00f3 como Trabajador Social.<\/p>\n\n\n\n<p>Nicol\u00e1s Soto ha hecho gran parte de su carrera trabajando en el \u00e1mbito de la sociedad civil, donde ha liderado voluntariados donde los j\u00f3venes han encontrado una oportunidad para apoyar a las personas mayores, especialmente con dependencia moderada o severa.&nbsp;&nbsp;<\/p>\n\n\n\n<p>Una de sus iniciativas m\u00e1s destacadas es la agrupaci\u00f3n \u201cElige Vivir Bien, Vive Feliz\u201d, cuyo objetivo es contribuir a mejorar la calidad de vida de las personas mayores a trav\u00e9s de una mirada intergeneracional. Actualmente, esta agrupaci\u00f3n cuenta con 40 voluntarios y voluntarias y se han transformado en una organizaci\u00f3n preponderante en la red de apoyo que el Estado brinda a las personas mayores, personas con discapacidad y a la juventud.<\/p>\n\n\n\n<p>Tambi\u00e9n se ha desempe\u00f1ado como trabajador social en la Universidad de Magallanes y en el Instituto Don Bosco y ha complementado su formaci\u00f3n profesional con experiencias laborales en el Centro de Rehabilitaci\u00f3n de Magallanes y en el Centro Comunitario de Salud Mental (COSAM) Miraflores.<\/p>\n\n\n\n<p>Respecto a este nombramiento, el Seremi de Desarrollo Social y Familia, Danilo Mimica se\u00f1al\u00f3 que \u201cel Servicio Nacional de Adulto Mayor, es un servicio relacionado de nuestro Ministerio y por eso estamos muy contentos de informar a la comunidad magall\u00e1nica que Nicol\u00e1s Soto es el nuevo director regional de Senama. Nicol\u00e1s, siempre ha sido un tremendo colaborador de toda de nuestra red de apoyo para las personas mayores, conoce muy bien como se trabaja en Senama y lo que es m\u00e1s importante, conoce la realidad de las personas mayores en sus hogares, en su d\u00eda a d\u00eda, especialmente aquellos que por razones econ\u00f3micas o de salud, requieren del apoyo del Estado. Creo que Nicol\u00e1s ser\u00e1 un gran director que har\u00e1 las cosas con mucho profesionalismo y mucho cari\u00f1o\u201d.<\/p>\n\n\n\n<p>Por su parte, el nuevo Director de Senama, Nicol\u00e1s Soto, manifest\u00f3 que \u201cme encuentro muy feliz y agradecido por esta designaci\u00f3n y por la confianza que han colocado en mi persona.&nbsp; La verdad es que el trabajo con las personas mayores es algo que me apasiona mucho y creo que mi experiencia desde el \u00e1mbito de la sociedad civil, me permitir\u00e1 tener una mirada que se complementar\u00e1 con mi desempe\u00f1o como Coordinador Regional. Adem\u00e1s, asumo este desaf\u00edo muy tranquilo porque llego a un gran equipo de trabajo en Senama Magallanes, con quienes tambi\u00e9n me ha tocado trabajar desde el \u00e1mbito del voluntariado y organizaciones colaboradoras de la red de protecci\u00f3n. Una de mis prioridades como Coordinador Regional ser\u00e1 fortalecer nuestro v\u00ednculo con las personas mayores y sus organizaciones, as\u00ed como conocer sus demandas y necesidades y, por supuesto, integrarme en los programas e iniciativas que el equipo ya ven\u00eda gestionando\u201d.<\/p>\n\n\n\n<p>Entre las primeras actividades oficiales del nuevo Coordinador Regional de Senama podemos destacar su reuni\u00f3n con la Delegada Presidencia Regional, Luz Berm\u00fadez, con el Seremi de Desarrollo Social y Familia, Danilo Mimica y la reuni\u00f3n con el equipo de trabajo del Servicio Nacional del Adulto Mayor Magallanes.<\/p>\n","protected":false},"excerpt":{"rendered":"<p>Durante esta tarde el Seremi de Desarrollo Social y Familia, Danilo Mimica Mansilla, hizo oficial el nombramiento del nuevo Coordinador del Servicio Nacional del Adulto Mayor (SENAMA), instituci\u00f3n que tiene&#8230; <a class=\"read-more\" href=\"https:\/\/www.radiopresidenteibanez.cl\/web\/asume-nuevo-coordinador-regional-de-senama-en-magallanes\/\">Leer m\u00e1s<\/a><\/p>\n","protected":false},"author":2,"featured_media":32483,"comment_status":"closed","ping_status":"closed","sticky":false,"template":"","format":"standard","meta":{"footnotes":""},"categories":[1],"tags":[],"class_list":["post-32482","post","type-post","status-publish","format-standard","has-post-thumbnail","hentry","category-cronica"],"_links":{"self":[{"href":"https:\/\/www.radiopresidenteibanez.cl\/web\/wp-json\/wp\/v2\/posts\/32482","targetHints":{"allow":["GET"]}}],"collection":[{"href":"https:\/\/www.radiopresidenteibanez.cl\/web\/wp-json\/wp\/v2\/posts"}],"about":[{"href":"https:\/\/www.radiopresidenteibanez.cl\/web\/wp-json\/wp\/v2\/types\/post"}],"author":[{"embeddable":true,"href":"https:\/\/www.radiopresidenteibanez.cl\/web\/wp-json\/wp\/v2\/users\/2"}],"replies":[{"embeddable":true,"href":"https:\/\/www.radiopresidenteibanez.cl\/web\/wp-json\/wp\/v2\/comments?post=32482"}],"version-history":[{"count":0,"href":"https:\/\/www.radiopresidenteibanez.cl\/web\/wp-json\/wp\/v2\/posts\/32482\/revisions"}],"wp:featuredmedia":[{"embeddable":true,"href":"https:\/\/www.radiopresidenteibanez.cl\/web\/wp-json\/wp\/v2\/media\/32483"}],"wp:attachment":[{"href":"https:\/\/www.radiopresidenteibanez.cl\/web\/wp-json\/wp\/v2\/media?parent=32482"}],"wp:term":[{"taxonomy":"category","embeddable":true,"href":"https:\/\/www.radiopresidenteibanez.cl\/web\/wp-json\/wp\/v2\/categories?post=32482"},{"taxonomy":"post_tag","embeddable":true,"href":"https:\/\/www.radiopresidenteibanez.cl\/web\/wp-json\/wp\/v2\/tags?post=32482"}],"curies":[{"name":"wp","href":"https:\/\/api.w.org\/{rel}","templated":true}]}}