{"id":32476,"date":"2022-09-02T15:43:00","date_gmt":"2022-09-02T18:43:00","guid":{"rendered":"https:\/\/www.radiopresidenteibanez.cl\/web\/?p=32476"},"modified":"2022-09-02T12:14:22","modified_gmt":"2022-09-02T15:14:22","slug":"ninos-y-ninas-preocupados-por-su-entorno-piden-ayuda-a-la-delegada-presidencial","status":"publish","type":"post","link":"https:\/\/www.radiopresidenteibanez.cl\/web\/ninos-y-ninas-preocupados-por-su-entorno-piden-ayuda-a-la-delegada-presidencial\/","title":{"rendered":"Ni\u00f1os y ni\u00f1as preocupados por su entorno piden ayuda a la Delegada Presidencial"},"content":{"rendered":"\n<p>El Jard\u00edn Infantil \u201cContinente blanco\u201d, de Junji Magallanes, fue el lugar donde la Delegada Presidencial Regional, Luz Berm\u00fadez Sandoval, sell\u00f3 un especial compromiso con los ni\u00f1os y ni\u00f1as.<br>\nTom\u00e1s Bravo, de tres a\u00f1os, fue quien represent\u00f3 a sus compa\u00f1eros y compa\u00f1eras,  los \u201cs\u00faper h\u00e9roes\u201d del Jard\u00edn,  demostrando su preocupaci\u00f3n por el entorno, con una situaci\u00f3n que a los j\u00f3venes y adultos de Punta Arenas, tambi\u00e9n les preocupa y llama la atenci\u00f3n. Presentaron sus peticiones y propuestas, las que podr\u00edan ayudar a superar una situaci\u00f3n irregular de la que los \u201cgrandes\u201d hemos sido testigos en el \u00faltimo tiempo en nuestra ciudad.<br>\nLa Convenci\u00f3n sobre los Derechos del Ni\u00f1o, el tratado m\u00e1s ampliamente ratificado reconoce la aplicaci\u00f3n de los derechos de los ni\u00f1os y de las ni\u00f1as en el mundo. <br>\nEntrevista a Tommy:<br>\nC\u00f3mo se llaman los s\u00faper h\u00e9roes? S\u00faper amigos de los caballos<br>\nQu\u00e9 le puede pasar a los caballos? Se pueden quebrar una patita y no hay que dejar que se mueran porque no hay hospital de caballos<br>\nC\u00f3mo te sientes tu con eso? Mal, no me gusta<br>\n\u00bfQu\u00e9 podemos hacer al respecto? Salvarlos<br>\n\u00bfC\u00f3mo? Hablamos con una Delegada Presidencial y con el Alcalde Adonich<br>\n\u00bfQu\u00e9 les pedimos a ellos? Que firmaran la huella<br>\n\u00bfQu\u00e9 m\u00e1s pedimos? A los due\u00f1os, que salven a los caballos<br>\n\u00bfY a los carabineros? Que si se escapan, se los den a los carabineros montados. Los pueden cuidar como una guarder\u00eda<br>\n\u00bfY el cami\u00f3n de la basura? El cami\u00f3n de la basura recoge la caca y servir\u00eda como abono<\/p>\n\n\n\n<p>La Delegada Luz Berm\u00fadez Sandoval, enfatiz\u00f3: \u201cPrecisamente nuestro Presidente ha recibido muchas cartas de ni\u00f1os y ni\u00f1as y nos dan cuenta de que muchas veces hemos subestimado a los ni\u00f1os. No les hemos dado el espacio en t\u00e9rminos de opini\u00f3n que les corresponde. Si somos capaces de escucharles, sin duda vamos a tener una sociedad mejor, mucho m\u00e1s rica. Ellos tienen un contacto con sus pares y que se les est\u00e9 ense\u00f1ando en este espacio, por ejemplo, a visualizar el entorno, a conectarse con el entorno, es una excelente iniciativa. As\u00ed es que, sin duda, el aprendizaje es: a escuchar a los ni\u00f1os y a las ni\u00f1as, ellos son los que saben, ellos son los que nos han pedido m\u00e1s tiempo con los padres, que es el motivo de nuestro proyecto de las 40Horas, ellos son los que est\u00e1n preocupados del planeta, que tambi\u00e9n nos ha orientado acerca de c\u00f3mo seguir avanzando en esa l\u00ednea. As\u00ed es que, sin duda que hay harto aprendizaje en esta actividad\u201d.<br>\nEl trabajo con los ni\u00f1os y ni\u00f1as,  promueve su participaci\u00f3n en el cuidado de su entorno, se escucharon sus opiniones, y en di\u00e1logo de reflexi\u00f3n, tomando en cuenta sus experiencias se invit\u00f3 a buscar soluciones de las situaciones que a ellos les preocupan, buscando diferentes alternativas  y comprometiendo en esto a las autoridades. Anteriormente, contaron, estuvo el Alcalde de la Municipalidad de Punta Arenas, Claudio Radonich, esta vez, la Delegada Presidencial Regional. Ambos tuvieron que sellar su compromiso dejando estampada su huella.<br>\nEn ese sentido, la Educadora de P\u00e1rvulos, Carolina Moraga Vidal,  manifest\u00f3 que \u201cestamos s\u00faper contentas y contentos, como equipo educativo del Jard\u00edn Continente Blanco, de la participaci\u00f3n de todas las autoridades que han venido al Jard\u00edn Infantil a participar con los ni\u00f1os y las ni\u00f1as y hacer parte de este proyecto que para nosotros es s\u00faper importante. Sobre todo la formaci\u00f3n ciudadana, que estamos hoy favoreciendo la participaci\u00f3n de los ni\u00f1os en su comunidad de acuerdo a lo que ellos ven, a lo que ellos sienten. As\u00ed es que s\u00faper agradecida de las autoridades que han sido parte de este proyecto y adem\u00e1s aprovechar a la Escuela Espa\u00f1a, que ha sido parte tambi\u00e9n, con el segundo b\u00e1sico y su profesora Paula \u00c1lvarez que han interactuado con los ni\u00f1os, desde una mirada m\u00e1s grande, de ni\u00f1os m\u00e1s grandes, pero tambi\u00e9n siempre haciendo parte a la comunidad de los proyectos que el Jard\u00edn infantil siempre promueve. Es s\u00faper importante la formaci\u00f3n ciudadana desde los primeros a\u00f1os de vida, de hecho es parte de nuestra instituci\u00f3n fomentarla desde peque\u00f1os, en todos los niveles de la educaci\u00f3n\u201d.<br>\nLos ni\u00f1os y ni\u00f1as del Jard\u00edn \u201cContinente Blanco\u201d realizan un camino de la mano de gu\u00edas que los invitan a conocer y cuidar su mundo, con su inocencia, pero a la vez sabidur\u00eda piden a las autoridades que les ayuden a solucionar los problemas que han visto en el entorno y lo que es mejor a\u00fan, proponiendo soluciones que contribuyen a que su ciudad sea mejor.<\/p>\n","protected":false},"excerpt":{"rendered":"<p>El Jard\u00edn Infantil \u201cContinente blanco\u201d, de Junji Magallanes, fue el lugar donde la Delegada Presidencial Regional, Luz Berm\u00fadez Sandoval, sell\u00f3 un especial compromiso con los ni\u00f1os y ni\u00f1as. Tom\u00e1s Bravo,&#8230; <a class=\"read-more\" href=\"https:\/\/www.radiopresidenteibanez.cl\/web\/ninos-y-ninas-preocupados-por-su-entorno-piden-ayuda-a-la-delegada-presidencial\/\">Leer m\u00e1s<\/a><\/p>\n","protected":false},"author":2,"featured_media":32477,"comment_status":"closed","ping_status":"closed","sticky":false,"template":"","format":"standard","meta":{"footnotes":""},"categories":[1],"tags":[],"class_list":["post-32476","post","type-post","status-publish","format-standard","has-post-thumbnail","hentry","category-cronica"],"_links":{"self":[{"href":"https:\/\/www.radiopresidenteibanez.cl\/web\/wp-json\/wp\/v2\/posts\/32476","targetHints":{"allow":["GET"]}}],"collection":[{"href":"https:\/\/www.radiopresidenteibanez.cl\/web\/wp-json\/wp\/v2\/posts"}],"about":[{"href":"https:\/\/www.radiopresidenteibanez.cl\/web\/wp-json\/wp\/v2\/types\/post"}],"author":[{"embeddable":true,"href":"https:\/\/www.radiopresidenteibanez.cl\/web\/wp-json\/wp\/v2\/users\/2"}],"replies":[{"embeddable":true,"href":"https:\/\/www.radiopresidenteibanez.cl\/web\/wp-json\/wp\/v2\/comments?post=32476"}],"version-history":[{"count":0,"href":"https:\/\/www.radiopresidenteibanez.cl\/web\/wp-json\/wp\/v2\/posts\/32476\/revisions"}],"wp:featuredmedia":[{"embeddable":true,"href":"https:\/\/www.radiopresidenteibanez.cl\/web\/wp-json\/wp\/v2\/media\/32477"}],"wp:attachment":[{"href":"https:\/\/www.radiopresidenteibanez.cl\/web\/wp-json\/wp\/v2\/media?parent=32476"}],"wp:term":[{"taxonomy":"category","embeddable":true,"href":"https:\/\/www.radiopresidenteibanez.cl\/web\/wp-json\/wp\/v2\/categories?post=32476"},{"taxonomy":"post_tag","embeddable":true,"href":"https:\/\/www.radiopresidenteibanez.cl\/web\/wp-json\/wp\/v2\/tags?post=32476"}],"curies":[{"name":"wp","href":"https:\/\/api.w.org\/{rel}","templated":true}]}}