{"id":32470,"date":"2022-09-02T12:37:00","date_gmt":"2022-09-02T15:37:00","guid":{"rendered":"https:\/\/www.radiopresidenteibanez.cl\/web\/?p=32470"},"modified":"2022-09-02T11:58:36","modified_gmt":"2022-09-02T14:58:36","slug":"70-cientificos-sociales-y-naturales-de-chile-y-el-mundo-se-reuniran-la-proxima-semana-en-punta-arenas","status":"publish","type":"post","link":"https:\/\/www.radiopresidenteibanez.cl\/web\/70-cientificos-sociales-y-naturales-de-chile-y-el-mundo-se-reuniran-la-proxima-semana-en-punta-arenas\/","title":{"rendered":"70 cient\u00edficos sociales y naturales de Chile y el mundo se reunir\u00e1n la pr\u00f3xima semana en Punta Arenas"},"content":{"rendered":"\n<p>El pr\u00f3ximo martes 6 de septiembre se cumplen cinco siglos de la llegada de la nao Victoria de vuelta a Espa\u00f1a, lo cual marca el cierre de las actividades conmemorativas de los 500 a\u00f1os de la primera circunnavegaci\u00f3n del planeta. La Embajada de dicho pa\u00eds se ali\u00f3 a diversas universidades privadas chilenas de la regi\u00f3n Metropolitana, adem\u00e1s de la Universidad estatal de Magallanes (UMAG) ubicada en el territorio, para organizar un evento acad\u00e9mico de car\u00e1cter internacional que diera cuenta de este hito.<\/p>\n\n\n\n<p>El&nbsp;<em>Congreso Internacional Magallanes 2020-2022: 500 a\u00f1os de la primera circunnavegaci\u00f3n de la Tierra<\/em>&nbsp;tiene por objetivo reunir an\u00e1lisis y reflexiones hist\u00f3ricas, geogr\u00e1ficas, ambientales y sociales asociadas a este importante logro de la navegaci\u00f3n mundial. Setenta investigadoras e investigadores de m\u00e1s de treinta universidades y ocho pa\u00edses diferentes, correspondientes a Chile, Argentina, Per\u00fa, Colombia, M\u00e9xico, Estados Unidos, Espa\u00f1a y Francia, tanto del \u00e1mbito de las Humanidades como de las Ciencias. Historia, cartograf\u00eda, literatura, arqueolog\u00eda y patrimonio cultural, entre varias otras perspectivas disciplinarias, se pondr\u00e1n a disposici\u00f3n para discutir temas del quehacer acad\u00e9mico, intelectual, creativo y cotidiano, en torno al Estrecho de Magallanes.<\/p>\n\n\n\n<p>El&nbsp;<a href=\"https:\/\/postgradosuandes.cl\/content\/uploads\/Programa-oficial-congreso-Magallanes-2022.pdf\" target=\"_blank\" rel=\"noreferrer noopener\">programa<\/a>&nbsp;va del 6 al 9 de septiembre, y se desarrollar\u00e1 en el auditorio Ernesto Livacic de la UMAG. Incluye diversas Conferencias, Mesas de Comunicaciones, Talleres de Discusi\u00f3n, Sesiones de P\u00f3ster y Presentaciones de Libros, entre otras exhibiciones, y ha sido posible gracias al Fondo de Ayuda a la Investigaci\u00f3n (FAI) 2022 de la Direcci\u00f3n de Investigaci\u00f3n y Doctorado de la Universidad de los Andes (Chile). Entre los y las conferencistas de las plenarias figuran Martina Vinatea, Paul Firbas, Luis Borrero, Jos\u00e9 Ram\u00f3n Carriazo, Luis Alburquerque, Chet van Duzer, Jean-Marc Besse y Jos\u00e9 Mar\u00eda Moreno.&nbsp;<\/p>\n\n\n\n<p>Organizan la Embajada de Espa\u00f1a, el Centro Cultural de Espa\u00f1a y las Universidades de Magallanes, Cat\u00f3lica de Chile, Adolfo Ib\u00e1\u00f1ez y Los Andes. Adem\u00e1s, la actividad cuenta con la colaboraci\u00f3n de la Red Mundial de Universidades Magall\u00e1nicas Universidad Internacional de Andaluc\u00eda (Espa\u00f1a) Proyecto Estudios Indianos (Per\u00fa) Obra P\u00eda de los Pizarro Cam\u00f5es &#8211; Instituto da Coopera\u00e7\u00e3o e da L\u00edngua (Portugal) Red Internacional GEOPAM Armada de Chile Ilustre Municipalidad de Punta Arenas (Chile) Gobierno Regional de Magallanes (Chile) Sociedad Espa\u00f1ola de Punta Arenas (Chile) Museo de Historia Natural de R\u00edo Seco, Magallanes (Chile) Red de Intermediaci\u00f3n LIQUENLab, Magallanes (Chile) y Hoteles Australis, Magallanes (Chile).<\/p>\n","protected":false},"excerpt":{"rendered":"<p>El pr\u00f3ximo martes 6 de septiembre se cumplen cinco siglos de la llegada de la nao Victoria de vuelta a Espa\u00f1a, lo cual marca el cierre de las actividades conmemorativas&#8230; <a class=\"read-more\" href=\"https:\/\/www.radiopresidenteibanez.cl\/web\/70-cientificos-sociales-y-naturales-de-chile-y-el-mundo-se-reuniran-la-proxima-semana-en-punta-arenas\/\">Leer m\u00e1s<\/a><\/p>\n","protected":false},"author":2,"featured_media":32471,"comment_status":"closed","ping_status":"closed","sticky":false,"template":"","format":"standard","meta":{"footnotes":""},"categories":[1],"tags":[],"class_list":["post-32470","post","type-post","status-publish","format-standard","has-post-thumbnail","hentry","category-cronica"],"_links":{"self":[{"href":"https:\/\/www.radiopresidenteibanez.cl\/web\/wp-json\/wp\/v2\/posts\/32470","targetHints":{"allow":["GET"]}}],"collection":[{"href":"https:\/\/www.radiopresidenteibanez.cl\/web\/wp-json\/wp\/v2\/posts"}],"about":[{"href":"https:\/\/www.radiopresidenteibanez.cl\/web\/wp-json\/wp\/v2\/types\/post"}],"author":[{"embeddable":true,"href":"https:\/\/www.radiopresidenteibanez.cl\/web\/wp-json\/wp\/v2\/users\/2"}],"replies":[{"embeddable":true,"href":"https:\/\/www.radiopresidenteibanez.cl\/web\/wp-json\/wp\/v2\/comments?post=32470"}],"version-history":[{"count":0,"href":"https:\/\/www.radiopresidenteibanez.cl\/web\/wp-json\/wp\/v2\/posts\/32470\/revisions"}],"wp:featuredmedia":[{"embeddable":true,"href":"https:\/\/www.radiopresidenteibanez.cl\/web\/wp-json\/wp\/v2\/media\/32471"}],"wp:attachment":[{"href":"https:\/\/www.radiopresidenteibanez.cl\/web\/wp-json\/wp\/v2\/media?parent=32470"}],"wp:term":[{"taxonomy":"category","embeddable":true,"href":"https:\/\/www.radiopresidenteibanez.cl\/web\/wp-json\/wp\/v2\/categories?post=32470"},{"taxonomy":"post_tag","embeddable":true,"href":"https:\/\/www.radiopresidenteibanez.cl\/web\/wp-json\/wp\/v2\/tags?post=32470"}],"curies":[{"name":"wp","href":"https:\/\/api.w.org\/{rel}","templated":true}]}}