{"id":3247,"date":"2019-04-11T14:32:28","date_gmt":"2019-04-11T14:32:28","guid":{"rendered":"http:\/\/www.radiopresidenteibanez.cl\/web\/?p=3247"},"modified":"2019-04-11T14:32:46","modified_gmt":"2019-04-11T14:32:46","slug":"seremi-de-economia-fomento-y-turismo-natalia-easton-se-reune-con-importantes-representantes-de-cpc-magallanes-en-el-marco-del-primer-gabinete-economico-cpc","status":"publish","type":"post","link":"https:\/\/www.radiopresidenteibanez.cl\/web\/seremi-de-economia-fomento-y-turismo-natalia-easton-se-reune-con-importantes-representantes-de-cpc-magallanes-en-el-marco-del-primer-gabinete-economico-cpc\/","title":{"rendered":"SEREMI DE ECONOM\u00cdA, FOMENTO Y TURISMO NATALIA EASTON SE RE\u00daNE CON IMPORTANTES REPRESENTANTES DE CPC MAGALLANES EN EL MARCO DEL PRIMER GABINETE ECON\u00d3MICO CPC"},"content":{"rendered":"\n<p>En la l\u00ednea del trabajo articulado con gremios y el\nempresariado local que ha establecido como prioridad en su gesti\u00f3n la cartera\nde Econom\u00eda en Magallanes, este encuentro tuvo como principales objetivos dar a\nconocer los avances de la cartera en el primer a\u00f1o de gesti\u00f3n, conocer status\nde los compromisos y requerimientos levantados con anterioridad por el gremio,\ndelinear los principales ejes de trabajo 2019 y actualizar los desaf\u00edos de las\nindustrias asociadas a este importante gremio adem\u00e1s de las necesidades que\ntienen para proyectos futuros.<\/p>\n\n\n\n<p>La autoridad regional expres\u00f3 la importancia que tiene para\nel ministerio este tipo de alianzas con organismos privados, puesto que todos\nlos actores deben ser escuchados y CPC Magallanes convoca a una amplia\nproporci\u00f3n de las industrias que componen la matriz productiva regional, por lo\nque el di\u00e1logo constante y la colaboraci\u00f3n mutua genera sinergias que sin duda\nnos permiten avanzar hacia un Magallanes m\u00e1s desarrollado, atractivo a la\ninversi\u00f3n y m\u00e1s competitivo.<\/p>\n\n\n\n<p>Los representantes de la CPC regional, Alejandro Kusanovic y\nEduardo Yaksic quienes son el Presidente y el Gerente General respectivamente,\nvaloraron la instancia y conf\u00edan que esta forma de trabajo colaborativo es muy\nimportante, puesto que los actores que participaran de estos encuentros tienen\nun rol fundamental para el crecimiento econ\u00f3mico de la regi\u00f3n y estar\u00e1n\ndisponibles aportar siempre que vean inter\u00e9s de la autoridad gubernamental.<\/p>\n\n\n\n<p>Adem\u00e1s del conversatorio que se gener\u00f3, Easton expuso los \u00edndices econ\u00f3micos regionales, los logros de la cartera en este periodo, en los cuales valoro la creaci\u00f3n de la mesa ecosistema emprendedor en el cual participan diferentes gremios relevantes de todas las industrias, incluyendo a CPC y parte de sus miembros. Tambi\u00e9n destac\u00f3 la importancia que le ha entregado este gobierno a la investigaci\u00f3n y turismo en el continente blanco, el fortalecimiento del emprendimiento femenino y juvenil a trav\u00e9s de CORFO y SERCOTEC, y la prioridad de sacar adelante el observatorio tur\u00edstico \u201cSITUR\u201d con Magallanes como regi\u00f3n piloto a nivel pa\u00eds, para dotar a esta industria de data dura para una mejor toma de decisiones tanto a los servicios p\u00fablicos como a los actores privados. Dicho observatorio ser\u00e1 liderado por la cartera de Econom\u00eda, con el soporte y trabajo conjunto del INE y Sernatur. Al respecto, la secretaria ministerial recalc\u00f3 que \u201cel turismo es una industria muy relevante para la econom\u00eda local y cuenta a\u00fan con un amplio potencial de desarrollo, por lo mismo debemos con la informaci\u00f3n estad\u00edstica contundente, regular y validada\u201d.<\/p>\n\n\n\n<p>La actividad se realiz\u00f3 en dependencias de TABSA en Punta Arenas, ayer mi\u00e9rcoles 10 de abril.<\/p>\n\n\n\n<figure class=\"wp-block-image\"><img loading=\"lazy\" decoding=\"async\" width=\"900\" height=\"546\" src=\"https:\/\/www.radiopresidenteibanez.cl\/web\/wp-content\/uploads\/2019\/04\/IMG_6892.jpg\" alt=\"\" class=\"wp-image-3248\" srcset=\"https:\/\/www.radiopresidenteibanez.cl\/web\/wp-content\/uploads\/2019\/04\/IMG_6892.jpg 900w, https:\/\/www.radiopresidenteibanez.cl\/web\/wp-content\/uploads\/2019\/04\/IMG_6892-300x182.jpg 300w, https:\/\/www.radiopresidenteibanez.cl\/web\/wp-content\/uploads\/2019\/04\/IMG_6892-768x466.jpg 768w\" sizes=\"auto, (max-width: 900px) 100vw, 900px\" \/><\/figure>\n","protected":false},"excerpt":{"rendered":"<p>En la l\u00ednea del trabajo articulado con gremios y el empresariado local que ha establecido como prioridad en su gesti\u00f3n la cartera de Econom\u00eda en Magallanes, este encuentro tuvo como&#8230; <a class=\"read-more\" href=\"https:\/\/www.radiopresidenteibanez.cl\/web\/seremi-de-economia-fomento-y-turismo-natalia-easton-se-reune-con-importantes-representantes-de-cpc-magallanes-en-el-marco-del-primer-gabinete-economico-cpc\/\">Leer m\u00e1s<\/a><\/p>\n","protected":false},"author":2,"featured_media":3248,"comment_status":"closed","ping_status":"closed","sticky":false,"template":"","format":"standard","meta":{"footnotes":""},"categories":[1],"tags":[],"class_list":["post-3247","post","type-post","status-publish","format-standard","has-post-thumbnail","hentry","category-cronica"],"_links":{"self":[{"href":"https:\/\/www.radiopresidenteibanez.cl\/web\/wp-json\/wp\/v2\/posts\/3247","targetHints":{"allow":["GET"]}}],"collection":[{"href":"https:\/\/www.radiopresidenteibanez.cl\/web\/wp-json\/wp\/v2\/posts"}],"about":[{"href":"https:\/\/www.radiopresidenteibanez.cl\/web\/wp-json\/wp\/v2\/types\/post"}],"author":[{"embeddable":true,"href":"https:\/\/www.radiopresidenteibanez.cl\/web\/wp-json\/wp\/v2\/users\/2"}],"replies":[{"embeddable":true,"href":"https:\/\/www.radiopresidenteibanez.cl\/web\/wp-json\/wp\/v2\/comments?post=3247"}],"version-history":[{"count":0,"href":"https:\/\/www.radiopresidenteibanez.cl\/web\/wp-json\/wp\/v2\/posts\/3247\/revisions"}],"wp:featuredmedia":[{"embeddable":true,"href":"https:\/\/www.radiopresidenteibanez.cl\/web\/wp-json\/wp\/v2\/media\/3248"}],"wp:attachment":[{"href":"https:\/\/www.radiopresidenteibanez.cl\/web\/wp-json\/wp\/v2\/media?parent=3247"}],"wp:term":[{"taxonomy":"category","embeddable":true,"href":"https:\/\/www.radiopresidenteibanez.cl\/web\/wp-json\/wp\/v2\/categories?post=3247"},{"taxonomy":"post_tag","embeddable":true,"href":"https:\/\/www.radiopresidenteibanez.cl\/web\/wp-json\/wp\/v2\/tags?post=3247"}],"curies":[{"name":"wp","href":"https:\/\/api.w.org\/{rel}","templated":true}]}}