{"id":32466,"date":"2022-09-02T11:13:51","date_gmt":"2022-09-02T14:13:51","guid":{"rendered":"https:\/\/www.radiopresidenteibanez.cl\/web\/?p=32466"},"modified":"2022-09-02T11:13:59","modified_gmt":"2022-09-02T14:13:59","slug":"edelmag-se-reune-con-municipios-de-natales-porvenir-y-torres-del-paines-para-informar-sobre-alcances-de-la-ley-que-entrega-subsidio-estatal-a-cuentas-de-servicios-basicos","status":"publish","type":"post","link":"https:\/\/www.radiopresidenteibanez.cl\/web\/edelmag-se-reune-con-municipios-de-natales-porvenir-y-torres-del-paines-para-informar-sobre-alcances-de-la-ley-que-entrega-subsidio-estatal-a-cuentas-de-servicios-basicos\/","title":{"rendered":"EDELMAG se re\u00fane con municipios de Natales, Porvenir y Torres del Paines para informar sobre alcances de la Ley que entrega subsidio estatal a cuentas de Servicios B\u00e1sicos"},"content":{"rendered":"\n<p>EDELMAG, empresa que presta servicio de distribuci\u00f3n el\u00e9ctrica en la regi\u00f3n de Magallanes, comenz\u00f3 el proceso de implementaci\u00f3n de la Ley de Subsidio y Prorrateo de deudas por Servicios B\u00e1sicos generadas durante la pandemia de Covid-19 y que establece subsidios en sus cuentas el\u00e9ctricas para clientes vulnerables, Ley N\u00b0 21.423.<\/p>\n\n\n\n<p>Para conocer en detalle la aplicaci\u00f3n de esta Ley, que otorga beneficio a 7.805 clientes de la regi\u00f3n, se llev\u00f3 a cabo un taller informativo destinado explicar los detalles de la implementaci\u00f3n de este proceso, el universo de beneficiarios y los requisitos que deben cumplir los clientes para mantener este subsidio habilitado.<\/p>\n\n\n\n<p>El taller informativo cont\u00f3 con la presencia de representantes de los municipios de Natales, Porvenir y Torres del Paine, y permiti\u00f3 aclarar los principales detalles del subsidio. <\/p>\n\n\n\n<p>Con especial \u00e9nfasis EDELMAG record\u00f3 que la Ley N\u00b0 21.423 establece que los beneficios otorgados cesar\u00e1n cuando no se efect\u00fae el pago oportuno de la boleta de consumo el\u00e9ctrico. Por lo tanto, es indispensable estar al d\u00eda con la cuenta de la luz para no perder el subsidio.<\/p>\n\n\n\n<p>De acuerdo con lo establecido por la autoridad, la nueva Ley, tiene por objetivo que las familias vulnerables puedan enfrentar sus deudas el\u00e9ctricas generadas entre el 18 de marzo de 2020 y el 31 de diciembre de 2021, considerado el per\u00edodo m\u00e1s dif\u00edcil de la pandemia por COVID-19. <\/p>\n\n\n\n<p>Son beneficiarios de la Ley N\u00b0 21.423 los clientes que mantengan deudas generadas en pandemia que durante 2021 hayan tenido un consumo promedio no superior a los 250 kWh al mes y que se encuentren dentro de las categor\u00edas definidas en el art\u00edculo 1\u00b0 de la Ley de Servicios B\u00e1sicos (Ley N\u00b0 21.249), esto es, clientes residenciales, hogares de menores y de adultos mayores, organizaciones sin fines de lucro y microempresas, entre otros, por lo que recibir\u00e1n autom\u00e1ticamente sus beneficios.<\/p>\n\n\n\n<p>Esto implica que sus deudas ser\u00e1n divididas en 48 cuotas, las que no podr\u00e1n exceder el 15% del valor de su cuenta promedio mensual de 2021, y que recibir\u00e1n un subsidio estatal equivalente a ese mismo valor, por lo que los clientes s\u00f3lo deber\u00e1n pagar su consumo el\u00e9ctrico mensual.<\/p>\n\n\n\n<p>Para dudas o consultas, los clientes pueden dirigirse a la oficina comercial m\u00e1s cercana a su domicilio o ingresar a la p\u00e1gina web www.edelmag.cl, secci\u00f3n Servicios en L\u00ednea.<\/p>\n","protected":false},"excerpt":{"rendered":"<p>EDELMAG, empresa que presta servicio de distribuci\u00f3n el\u00e9ctrica en la regi\u00f3n de Magallanes, comenz\u00f3 el proceso de implementaci\u00f3n de la Ley de Subsidio y Prorrateo de deudas por Servicios B\u00e1sicos&#8230; <a class=\"read-more\" href=\"https:\/\/www.radiopresidenteibanez.cl\/web\/edelmag-se-reune-con-municipios-de-natales-porvenir-y-torres-del-paines-para-informar-sobre-alcances-de-la-ley-que-entrega-subsidio-estatal-a-cuentas-de-servicios-basicos\/\">Leer m\u00e1s<\/a><\/p>\n","protected":false},"author":2,"featured_media":32468,"comment_status":"closed","ping_status":"closed","sticky":false,"template":"","format":"standard","meta":{"footnotes":""},"categories":[1],"tags":[],"class_list":["post-32466","post","type-post","status-publish","format-standard","has-post-thumbnail","hentry","category-cronica"],"_links":{"self":[{"href":"https:\/\/www.radiopresidenteibanez.cl\/web\/wp-json\/wp\/v2\/posts\/32466","targetHints":{"allow":["GET"]}}],"collection":[{"href":"https:\/\/www.radiopresidenteibanez.cl\/web\/wp-json\/wp\/v2\/posts"}],"about":[{"href":"https:\/\/www.radiopresidenteibanez.cl\/web\/wp-json\/wp\/v2\/types\/post"}],"author":[{"embeddable":true,"href":"https:\/\/www.radiopresidenteibanez.cl\/web\/wp-json\/wp\/v2\/users\/2"}],"replies":[{"embeddable":true,"href":"https:\/\/www.radiopresidenteibanez.cl\/web\/wp-json\/wp\/v2\/comments?post=32466"}],"version-history":[{"count":0,"href":"https:\/\/www.radiopresidenteibanez.cl\/web\/wp-json\/wp\/v2\/posts\/32466\/revisions"}],"wp:featuredmedia":[{"embeddable":true,"href":"https:\/\/www.radiopresidenteibanez.cl\/web\/wp-json\/wp\/v2\/media\/32468"}],"wp:attachment":[{"href":"https:\/\/www.radiopresidenteibanez.cl\/web\/wp-json\/wp\/v2\/media?parent=32466"}],"wp:term":[{"taxonomy":"category","embeddable":true,"href":"https:\/\/www.radiopresidenteibanez.cl\/web\/wp-json\/wp\/v2\/categories?post=32466"},{"taxonomy":"post_tag","embeddable":true,"href":"https:\/\/www.radiopresidenteibanez.cl\/web\/wp-json\/wp\/v2\/tags?post=32466"}],"curies":[{"name":"wp","href":"https:\/\/api.w.org\/{rel}","templated":true}]}}