{"id":32463,"date":"2022-09-02T10:19:00","date_gmt":"2022-09-02T13:19:00","guid":{"rendered":"https:\/\/www.radiopresidenteibanez.cl\/web\/?p=32463"},"modified":"2022-09-02T10:12:36","modified_gmt":"2022-09-02T13:12:36","slug":"informativo-matinal-orbe","status":"publish","type":"post","link":"https:\/\/www.radiopresidenteibanez.cl\/web\/informativo-matinal-orbe\/","title":{"rendered":"INFORMATIVO MATINAL ORBE"},"content":{"rendered":"\n<p>\n\nSANTIAGO.- Sim\u00f3n Boric, hermano del Presidente de la<br>Rep\u00fablica, Gabriel Boric, recibi\u00f3 una golpiza, en el frontis<br>de la casa Central de la Universidad de Chile, en Alameda,<br>donde se desempe\u00f1a como jefe de prensa. En el lugar, un grupo<br>de j\u00f3venes golpe\u00f3 al profesional, quien incluso recibi\u00f3<br>patadas en el suelo. Posteriormente, Boric se dirigi\u00f3 a<br>constatar lesiones.<\/p>\n\n\n\n<p>SANTIAGO.- La Universidad de Chile y su rectora, Rosa Dev\u00e9s,<br>condenaron la agresi\u00f3n que sufri\u00f3 el jefe de prensa de dicha<br>casa de estudios, Sim\u00f3n Boric. Adem\u00e1s, aclararon que otros<br>tres funcionarios tambi\u00e9n resultaron afectados por las<br>agresiones que se dieron en medio de los desmanes registrados<br>en las cercan\u00edas del Instituto Nacional.<\/p>\n\n\n\n<p>SANTIAGO.- En un comunicado, detall\u00f3 que \u00abun grupo de<br>personas golpe\u00f3 y violent\u00f3 a Sim\u00f3n Boric, jefe de gabinete de<br>Rector\u00eda, Francisca Palma, coordinadora de comunicaciones,<br>Jorge Baeza y Ra\u00fal Roa, funcionarios de Casa Central, luego<br>de que uno de ellos los increpara por un intento de saqueo a<br>un local cercano\u00bb. \u00abCondenamos este hecho de violencia<br>innecesaria e irracional. Consideramos que en el actual<br>escenario social y pol\u00edtico, el camino debe ser siempre el<br>di\u00e1logo\u00bb, se\u00f1al\u00f3.<\/p>\n\n\n\n<p>SANTIAGO.- El ministro de la Segpres, Giorgio Jackson,<br>rechaz\u00f3 la agresi\u00f3n que sufri\u00f3 el hermano del Presidente<br>Gabriel Boric, Sim\u00f3n, expresando su repudio hacia la acci\u00f3n.<br>El secretario de Estado agreg\u00f3 que \u00abla situaci\u00f3n es<br>grav\u00edsima. El Presidente por cierto est\u00e1 al tanto y apenas<br>tengamos m\u00e1s detalles vamos a poder dar una informaci\u00f3n m\u00e1s<br>concreta, m\u00e1s all\u00e1 de repudiar esta agresi\u00f3n a los<br>funcionarios de la Universidad de Chile\u00bb.<\/p>\n\n\n\n<p>SANTIAGO.- En tanto, cuatro personas fueron detenidas por<br>agredir a Sim\u00f3n Boric. Dos de los aprehendidas ten\u00edan<br>detenciones previas. Se trata de Benjam\u00edn Fern\u00e1ndez, de 19<br>a\u00f1os, quien hab\u00eda sido detenido en dos ocasiones<br>anteriormente, una de ellas por incendiar un bus en Estaci\u00f3n<br>Central. Otro, Francisco D\u00edaz, de 33 a\u00f1os, hab\u00eda sido<br>detenido por infringir normas sanitarias. En tanto, Jes\u00fas<br>Flor, de 23 a\u00f1os, y Esteban Mu\u00f1oz, de 18 a\u00f1os, no registran<br>antecedentes.<\/p>\n\n\n\n<p>SANTIAGO.- La vocera de Gobierno, Camila Vallejo, respondi\u00f3<br>el comentario que hizo Andr\u00e9s Molina, uno de los fundadores<br>de Ev\u00f3poli, quien cuestion\u00f3 la vestimenta de la secretaria de<br>Estado. Vallejo, sin dirigirse a Molina sino que a las ni\u00f1as<br>y mujeres, se\u00f1al\u00f3: \u00abQuiero decirles que cada vez importa<br>menos lo que digan u opinen sobre nuestra apariencia o c\u00f3mo<br>nos vestimos. La violencia simb\u00f3lica existe. Nunca olviden lo<br>especiales y poderosas que son\u00bb, sostuvo.<\/p>\n\n\n\n<p>SANTIAGO.- La ministra del Interior, Izkia Siches, anunci\u00f3<br>que su par de Defensa, Maya Fern\u00e1ndez, y el subsecretario de<br>la cartera, Manuel Monsalve, se reunir\u00e1n este viernes con el<br>jefe de la Defensa en las provincias de Arauco y Biob\u00edo, el<br>contraalmirante de la Armada, Juan Pablo Z\u00fa\u00f1iga, para<br>reforzar el despliegue militar tras los atentados en la zona.<br>El encuentro se realizar\u00e1 luego de las cr\u00edticas que recibi\u00f3<br>Monsalve a la gesti\u00f3n de las Fuerzas Armadas en la zona.<\/p>\n\n\n\n<p>SANTIAGO.- Al respecto, Siches coment\u00f3 que en la reuni\u00f3n de<br>evaluaci\u00f3n de la aplicaci\u00f3n del estado de excepci\u00f3n en la<br>macrozona sur, ese hecho fue abordado especialmente. \u00abHemos<br>tenido unos lamentables hechos en Contulmo, que han dejado a<br>un adulto mayor con una amputaci\u00f3n y que se mantiene en<br>ventilaci\u00f3n mec\u00e1nica grave\u00bb, dijo. \u00abPor ello, agreg\u00f3, hemos<br>estado intentando fortalecer los niveles de coordinaci\u00f3n y<br>despliegue que existen, particularmente en Biob\u00edo.<\/p>\n\n\n\n<p>SANTIAGO.- En otro tema, Siches, hizo un llamado a los<br>distintos sectores pol\u00edticos a mantener prudencia en sus<br>declaraciones en la antesala del Plebiscito de salida. Tal<br>opini\u00f3n, despu\u00e9s de conocer los dichos del presidente del PC,<br>Guillermo Teillier, quien sostuvo que \u00abhab\u00eda que defender en<br>la calle el posible triunfo del Apruebo, en caso que el<br>resultado con el Rechazo sea estrecho\u00bb.<\/p>\n\n\n\n<p>SANTIAGO.- La ministra se\u00f1al\u00f3 al respecto que \u00abcomo pa\u00eds<br>tenemos una trayectoria hist\u00f3rica del respeto de los<br>resultados electorales y es necesario poder hacer un llamado<br>transversal a la prudencia en las declaraciones\u00bb. \u00abLlamo a<br>las personas que est\u00e1n en sus casas a votar y participar<br>activamente, como tambi\u00e9n en respetar fielmente cada uno de<br>los resultados\u00bb, afirm\u00f3.\n\n<\/p>\n","protected":false},"excerpt":{"rendered":"<p>SANTIAGO.- Sim\u00f3n Boric, hermano del Presidente de laRep\u00fablica, Gabriel Boric, recibi\u00f3 una golpiza, en el frontisde la casa Central de la Universidad de Chile, en Alameda,donde se desempe\u00f1a como jefe&#8230; <a class=\"read-more\" href=\"https:\/\/www.radiopresidenteibanez.cl\/web\/informativo-matinal-orbe\/\">Leer m\u00e1s<\/a><\/p>\n","protected":false},"author":2,"featured_media":32464,"comment_status":"closed","ping_status":"closed","sticky":false,"template":"","format":"standard","meta":{"footnotes":""},"categories":[1],"tags":[],"class_list":["post-32463","post","type-post","status-publish","format-standard","has-post-thumbnail","hentry","category-cronica"],"_links":{"self":[{"href":"https:\/\/www.radiopresidenteibanez.cl\/web\/wp-json\/wp\/v2\/posts\/32463","targetHints":{"allow":["GET"]}}],"collection":[{"href":"https:\/\/www.radiopresidenteibanez.cl\/web\/wp-json\/wp\/v2\/posts"}],"about":[{"href":"https:\/\/www.radiopresidenteibanez.cl\/web\/wp-json\/wp\/v2\/types\/post"}],"author":[{"embeddable":true,"href":"https:\/\/www.radiopresidenteibanez.cl\/web\/wp-json\/wp\/v2\/users\/2"}],"replies":[{"embeddable":true,"href":"https:\/\/www.radiopresidenteibanez.cl\/web\/wp-json\/wp\/v2\/comments?post=32463"}],"version-history":[{"count":0,"href":"https:\/\/www.radiopresidenteibanez.cl\/web\/wp-json\/wp\/v2\/posts\/32463\/revisions"}],"wp:featuredmedia":[{"embeddable":true,"href":"https:\/\/www.radiopresidenteibanez.cl\/web\/wp-json\/wp\/v2\/media\/32464"}],"wp:attachment":[{"href":"https:\/\/www.radiopresidenteibanez.cl\/web\/wp-json\/wp\/v2\/media?parent=32463"}],"wp:term":[{"taxonomy":"category","embeddable":true,"href":"https:\/\/www.radiopresidenteibanez.cl\/web\/wp-json\/wp\/v2\/categories?post=32463"},{"taxonomy":"post_tag","embeddable":true,"href":"https:\/\/www.radiopresidenteibanez.cl\/web\/wp-json\/wp\/v2\/tags?post=32463"}],"curies":[{"name":"wp","href":"https:\/\/api.w.org\/{rel}","templated":true}]}}