{"id":32457,"date":"2022-09-02T08:36:30","date_gmt":"2022-09-02T11:36:30","guid":{"rendered":"https:\/\/www.radiopresidenteibanez.cl\/web\/?p=32457"},"modified":"2022-09-02T08:36:37","modified_gmt":"2022-09-02T11:36:37","slug":"mario-isidro-moreno-es-elegido-como-ciudadano-ilustre-de-magallanes","status":"publish","type":"post","link":"https:\/\/www.radiopresidenteibanez.cl\/web\/mario-isidro-moreno-es-elegido-como-ciudadano-ilustre-de-magallanes\/","title":{"rendered":"MARIO ISIDRO MORENO , ES ELEGIDO COMO CIUDADANO ILUSTRE DE MAGALLANES"},"content":{"rendered":"\n<p>Es un reconocimiento que se lo dedico a todos los magall\u00e1nicos que han contribuido a todo mi trabajo, desde que llegue a esta Hermoza regi\u00f3n que ya son mas de 50 a\u00f1os, se\u00f1alo el ahora ciudadano ilustre de Magallanes <\/p>\n","protected":false},"excerpt":{"rendered":"<p>Es un reconocimiento que se lo dedico a todos los magall\u00e1nicos que han contribuido a todo mi trabajo, desde que llegue a esta Hermoza regi\u00f3n que ya son mas de&#8230; <a class=\"read-more\" href=\"https:\/\/www.radiopresidenteibanez.cl\/web\/mario-isidro-moreno-es-elegido-como-ciudadano-ilustre-de-magallanes\/\">Leer m\u00e1s<\/a><\/p>\n","protected":false},"author":2,"featured_media":32458,"comment_status":"closed","ping_status":"closed","sticky":false,"template":"","format":"standard","meta":{"footnotes":""},"categories":[1],"tags":[],"class_list":["post-32457","post","type-post","status-publish","format-standard","has-post-thumbnail","hentry","category-cronica"],"_links":{"self":[{"href":"https:\/\/www.radiopresidenteibanez.cl\/web\/wp-json\/wp\/v2\/posts\/32457","targetHints":{"allow":["GET"]}}],"collection":[{"href":"https:\/\/www.radiopresidenteibanez.cl\/web\/wp-json\/wp\/v2\/posts"}],"about":[{"href":"https:\/\/www.radiopresidenteibanez.cl\/web\/wp-json\/wp\/v2\/types\/post"}],"author":[{"embeddable":true,"href":"https:\/\/www.radiopresidenteibanez.cl\/web\/wp-json\/wp\/v2\/users\/2"}],"replies":[{"embeddable":true,"href":"https:\/\/www.radiopresidenteibanez.cl\/web\/wp-json\/wp\/v2\/comments?post=32457"}],"version-history":[{"count":0,"href":"https:\/\/www.radiopresidenteibanez.cl\/web\/wp-json\/wp\/v2\/posts\/32457\/revisions"}],"wp:featuredmedia":[{"embeddable":true,"href":"https:\/\/www.radiopresidenteibanez.cl\/web\/wp-json\/wp\/v2\/media\/32458"}],"wp:attachment":[{"href":"https:\/\/www.radiopresidenteibanez.cl\/web\/wp-json\/wp\/v2\/media?parent=32457"}],"wp:term":[{"taxonomy":"category","embeddable":true,"href":"https:\/\/www.radiopresidenteibanez.cl\/web\/wp-json\/wp\/v2\/categories?post=32457"},{"taxonomy":"post_tag","embeddable":true,"href":"https:\/\/www.radiopresidenteibanez.cl\/web\/wp-json\/wp\/v2\/tags?post=32457"}],"curies":[{"name":"wp","href":"https:\/\/api.w.org\/{rel}","templated":true}]}}