{"id":32452,"date":"2022-09-01T19:17:00","date_gmt":"2022-09-01T22:17:00","guid":{"rendered":"https:\/\/www.radiopresidenteibanez.cl\/web\/?p=32452"},"modified":"2022-09-01T15:57:36","modified_gmt":"2022-09-01T18:57:36","slug":"seremi-de-energia-y-sec-magallanes-revisan-que-parrillas-en-venta-sean-seguras-previo-al-inicio-del-mes-de-la-patria","status":"publish","type":"post","link":"https:\/\/www.radiopresidenteibanez.cl\/web\/seremi-de-energia-y-sec-magallanes-revisan-que-parrillas-en-venta-sean-seguras-previo-al-inicio-del-mes-de-la-patria\/","title":{"rendered":"Seremi de Energ\u00eda y SEC Magallanes revisan que parrillas en venta sean seguras previo al inicio del Mes de la Patria"},"content":{"rendered":"\n<p>La Direcci\u00f3n Regional de la Superintendencia de Electricidad y Combustibles, SEC, inform\u00f3 esta ma\u00f1ana que est\u00e1 llevando a cabo un completo programa de fiscalizaci\u00f3n a lo largo del pa\u00eds, a fin de verificar que s\u00f3lo se est\u00e9n comercializando parrillas el\u00e9ctricas y a gas debidamente certificadas, esto para aminorar la posibilidad de eventuales accidentes caseros,&nbsp;<em>ad portas<\/em>&nbsp;del inicio del Mes de la Patria, fecha en que aumenta considerablemente su uso.<\/p>\n\n\n\n<p>En el marco de estas fiscalizaciones, lleg\u00f3 hasta la tienda Lider, ubicada en el Mall Espacio Urbano de Punta Arenas, la Seremi de Energ\u00eda de Magallanes, Mar\u00eda Luisa Ojeda, junto al Director Regional de la SEC, Juan Barticevic, para encabezar una fiscalizaci\u00f3n a la venta de estos productos.<\/p>\n\n\n\n<p>Las autoridades, junto al equipo de fiscalizaci\u00f3n, estuvieron revisando que todas las parrillas que se est\u00e1n comercializando en el lugar, tuvieran su respectivo SELLO SEC a la vista; etiqueta que certifica que dichos productos superaron una serie de pruebas de seguridad. Dicho SELLO contiene adem\u00e1s un C\u00f3digo QR, con informaci\u00f3n sobre la certificaci\u00f3n del producto y que puede ser le\u00edda por cualquier smartphone.<\/p>\n\n\n\n<p>El proceso de fiscalizaci\u00f3n tambi\u00e9n contempl\u00f3 en otros locales comerciales, la revisi\u00f3n del rotulado que deben tener los reguladores y flexibles (\u201cmangueras\u201d) de las parrillas a gas, tras lo cual entregaron recomendaciones a los usuarios, para estas Fiestas Patrias, que est\u00e1n prontas a comenzar.<\/p>\n\n\n\n<p>Seg\u00fan datos de la SEC, son casi 490 mil las parrillas el\u00e9ctricas y a gas que ya han sido certificadas entre enero y julio de este a\u00f1o, lo que da cuenta de su masiva venta y uso por parte de las familias a lo largo del pa\u00eds. De \u00e9stas, 437.789 son el\u00e9ctricas y 51.214 a gas.<\/p>\n\n\n\n<p>La certificaci\u00f3n, y posterior venta de parrillas el\u00e9ctricas ha ido en constante aumento desde las 295.226 certificadas en 2017, hasta las 477.343 que se certificaron el a\u00f1o pasado, lo que se traduce en el aumento de un 62% en cuatro a\u00f1os. En tanto, las que funcionan con gas licuado tambi\u00e9n experimentaron un incremento, pasando de 40.358, en el 2017, a 75.952 durante el a\u00f1o pasado, lo que implica un crecimiento de un 88% en el mismo per\u00edodo.<\/p>\n\n\n\n<p><strong>IMPORTANCIA&nbsp;DE PREVENIR<\/strong><\/p>\n\n\n\n<p>Tras finalizar el recorrido, la Seremi Mar\u00eda Luisa Ojeda sostuvo que \u201cla primera y principal recomendaci\u00f3n que puedo dar es siempre comprar s\u00f3lo parrillas el\u00e9ctricas y a gas que tengan el SELLO SEC a la vista, porque es la \u00fanica manera de saber que estamos frente a equipos que han superado una serie de exigentes pruebas de seguridad. Este 2022 ya son casi 490 mil las parrillas que han sido certificadas por la SEC, lo que da cuenta del masivo uso de estos equipos, por lo que mi llamado es a reforzar esta conducta preventiva y de autocuidado en el uso de estos productos\u201d.<\/p>\n\n\n\n<p>La titular regional de Energ\u00eda agreg\u00f3 que es relevante realizar una mantenci\u00f3n anual a las parrillas y revisar el regulador y el flexible de las parrillas a gas, pues ambos tienen una fecha de vencimiento; y tambi\u00e9n reiter\u00f3 que los cilindros de gas siempre deben ir a un costado de la parrilla y jam\u00e1s debajo de los quemadores, y por cierto, nunca se debe intentar conectar las parrillas a la red de gas de los domicilios\u201d, subray\u00f3.<\/p>\n\n\n\n<p>Por su parte, el Director Regional del organismo fiscalizador, Juan Barticevic indic\u00f3 que \u201cen el caso de las parrillas el\u00e9ctricas, la principal recomendaci\u00f3n es conectarlas directamente a la red y si ello no es posible, el llamado es a usar solo alargadores que tambi\u00e9n cuenten con su SELLO SEC\u201d.<\/p>\n\n\n\n<p>Por \u00faltimo, la invitaci\u00f3n es a seguir la cuenta oficial de la SEC en Instagram (@sec_chile), donde la ciudadan\u00eda podr\u00e1 acceder a informaci\u00f3n \u00fatil y consejos de seguridad para el uso de los energ\u00e9ticos, la que se suma a los perfiles disponibles en Twitter (@SEC_cl) y Facebook, como Superintendencia SEC.<br><\/p>\n","protected":false},"excerpt":{"rendered":"<p>La Direcci\u00f3n Regional de la Superintendencia de Electricidad y Combustibles, SEC, inform\u00f3 esta ma\u00f1ana que est\u00e1 llevando a cabo un completo programa de fiscalizaci\u00f3n a lo largo del pa\u00eds, a&#8230; <a class=\"read-more\" href=\"https:\/\/www.radiopresidenteibanez.cl\/web\/seremi-de-energia-y-sec-magallanes-revisan-que-parrillas-en-venta-sean-seguras-previo-al-inicio-del-mes-de-la-patria\/\">Leer m\u00e1s<\/a><\/p>\n","protected":false},"author":2,"featured_media":32453,"comment_status":"closed","ping_status":"closed","sticky":false,"template":"","format":"standard","meta":{"footnotes":""},"categories":[1],"tags":[],"class_list":["post-32452","post","type-post","status-publish","format-standard","has-post-thumbnail","hentry","category-cronica"],"_links":{"self":[{"href":"https:\/\/www.radiopresidenteibanez.cl\/web\/wp-json\/wp\/v2\/posts\/32452","targetHints":{"allow":["GET"]}}],"collection":[{"href":"https:\/\/www.radiopresidenteibanez.cl\/web\/wp-json\/wp\/v2\/posts"}],"about":[{"href":"https:\/\/www.radiopresidenteibanez.cl\/web\/wp-json\/wp\/v2\/types\/post"}],"author":[{"embeddable":true,"href":"https:\/\/www.radiopresidenteibanez.cl\/web\/wp-json\/wp\/v2\/users\/2"}],"replies":[{"embeddable":true,"href":"https:\/\/www.radiopresidenteibanez.cl\/web\/wp-json\/wp\/v2\/comments?post=32452"}],"version-history":[{"count":0,"href":"https:\/\/www.radiopresidenteibanez.cl\/web\/wp-json\/wp\/v2\/posts\/32452\/revisions"}],"wp:featuredmedia":[{"embeddable":true,"href":"https:\/\/www.radiopresidenteibanez.cl\/web\/wp-json\/wp\/v2\/media\/32453"}],"wp:attachment":[{"href":"https:\/\/www.radiopresidenteibanez.cl\/web\/wp-json\/wp\/v2\/media?parent=32452"}],"wp:term":[{"taxonomy":"category","embeddable":true,"href":"https:\/\/www.radiopresidenteibanez.cl\/web\/wp-json\/wp\/v2\/categories?post=32452"},{"taxonomy":"post_tag","embeddable":true,"href":"https:\/\/www.radiopresidenteibanez.cl\/web\/wp-json\/wp\/v2\/tags?post=32452"}],"curies":[{"name":"wp","href":"https:\/\/api.w.org\/{rel}","templated":true}]}}