{"id":32446,"date":"2022-09-01T16:49:00","date_gmt":"2022-09-01T19:49:00","guid":{"rendered":"https:\/\/www.radiopresidenteibanez.cl\/web\/?p=32446"},"modified":"2022-09-01T15:41:19","modified_gmt":"2022-09-01T18:41:19","slug":"mop-iniciara-en-octubre-obras-de-construccion-de-infraestructuras-portuarias-en-puerto-toro-y-en-puerto-navarino","status":"publish","type":"post","link":"https:\/\/www.radiopresidenteibanez.cl\/web\/mop-iniciara-en-octubre-obras-de-construccion-de-infraestructuras-portuarias-en-puerto-toro-y-en-puerto-navarino\/","title":{"rendered":"MOP INICIARA EN OCTUBRE OBRAS DE CONSTRUCCION DE INFRAESTRUCTURAS PORTUARIAS EN PUERTO TORO Y EN PUERTO NAVARINO"},"content":{"rendered":"\n<p>Un importante anuncio para\nla Provincia Ant\u00e1rtica realiz\u00f3 la Seremi de Obras P\u00fablicas Dahian Oyarz\u00fan\nRathgeb, tras informar que en el mes de octubre del presente a\u00f1o se iniciar\u00e1n\nlas obras de construcci\u00f3n de infraestructuras portuarias en Puerto Toro y en\nPuerto Navarino.<\/p>\n\n\n\n<p>La titular del MOP inform\u00f3\nque este 29 de agosto de 2022 se concret\u00f3 un importante hito; la Direcci\u00f3n de\nObras Portuarias adjudic\u00f3 la construcci\u00f3n de una infraestructura portuaria en\nPuerto Navarino, por un valor de $2.997.862.582 con financiamiento del\nMinisterio de Obras P\u00fablicas. <\/p>\n\n\n\n<p>Dichas obras consisten en\nla construcci\u00f3n de una rampa de conectividad en la localidad de Puerto\nNavarino, dise\u00f1ada para las operaciones de naves tipo ferris, adem\u00e1s de contar\ncon facilidades en su lateral para la operaci\u00f3n de naves menores tipo zodiac. <\/p>\n\n\n\n<p>La concreci\u00f3n de esta\niniciativa es fundamental, dado que concebir\u00e1 la conectividad entre Puerto Navarino\ny Yendegaia, ampliando significativamente la oferta portuaria en la isla.<\/p>\n\n\n\n<p>Puerto Toro<\/p>\n\n\n\n<p>En Puerto Toro, en tanto,\nla Direcci\u00f3n de Obras Portuarias ejecutar\u00e1, a partir de octubre pr\u00f3ximo, la\ninfraestructura que cubre una necesidad hist\u00f3rica de servicios de\nconectividad para las y los habitantes de la localidad y sus familiares que\nresiden en Puerto Williams.<\/p>\n\n\n\n<p>El proyecto contempla la\nconstrucci\u00f3n de una rampa de hormig\u00f3n armado para atraque directo del ferry y\nun refugio con capacidad de 15 pasajeros. Adem\u00e1s cuenta con una explanada para\nmaniobras, iluminaci\u00f3n autogenerada y se\u00f1al\u00e9tica para seguridad.<\/p>\n\n\n\n<p>Como destac\u00f3 la Seremi de Obras\nP\u00fablicas, se consideraron tambi\u00e9n para la ejecuci\u00f3n de este proyecto\nimportantes medidas para los vecinos y vecinas que presenten movilidad\nreducida, y se implementaron requerimientos solicitados en las reuniones de\nparticipaci\u00f3n ciudadana realizadas en la etapa de dise\u00f1o de la iniciativa. <\/p>\n\n\n\n<p>De esta manera: \u201cEsta obra adem\u00e1s\ncontempla accesibilidad universal para todo el sector de\nrampa, explanada y refugio, considerando que se encuentran dentro de sus\nhabitantes personas con movilidad reducida, que deben asistir a controles m\u00e9dicos\nregulares en Puerto Williams y Punta Arenas; generaci\u00f3n de espacios p\u00fablicos\npara sus habitantes (ni\u00f1os y ni\u00f1as principalmente), para circulaci\u00f3n;\nadecuaci\u00f3n del refugio a petici\u00f3n de sus habitantes, y el acceso a la playa\u201d, sostuvo\nOyarz\u00fan Rathgeb.<\/p>\n","protected":false},"excerpt":{"rendered":"<p>Un importante anuncio para la Provincia Ant\u00e1rtica realiz\u00f3 la Seremi de Obras P\u00fablicas Dahian Oyarz\u00fan Rathgeb, tras informar que en el mes de octubre del presente a\u00f1o se iniciar\u00e1n las&#8230; <a class=\"read-more\" href=\"https:\/\/www.radiopresidenteibanez.cl\/web\/mop-iniciara-en-octubre-obras-de-construccion-de-infraestructuras-portuarias-en-puerto-toro-y-en-puerto-navarino\/\">Leer m\u00e1s<\/a><\/p>\n","protected":false},"author":2,"featured_media":32447,"comment_status":"closed","ping_status":"closed","sticky":false,"template":"","format":"standard","meta":{"footnotes":""},"categories":[1],"tags":[],"class_list":["post-32446","post","type-post","status-publish","format-standard","has-post-thumbnail","hentry","category-cronica"],"_links":{"self":[{"href":"https:\/\/www.radiopresidenteibanez.cl\/web\/wp-json\/wp\/v2\/posts\/32446","targetHints":{"allow":["GET"]}}],"collection":[{"href":"https:\/\/www.radiopresidenteibanez.cl\/web\/wp-json\/wp\/v2\/posts"}],"about":[{"href":"https:\/\/www.radiopresidenteibanez.cl\/web\/wp-json\/wp\/v2\/types\/post"}],"author":[{"embeddable":true,"href":"https:\/\/www.radiopresidenteibanez.cl\/web\/wp-json\/wp\/v2\/users\/2"}],"replies":[{"embeddable":true,"href":"https:\/\/www.radiopresidenteibanez.cl\/web\/wp-json\/wp\/v2\/comments?post=32446"}],"version-history":[{"count":0,"href":"https:\/\/www.radiopresidenteibanez.cl\/web\/wp-json\/wp\/v2\/posts\/32446\/revisions"}],"wp:featuredmedia":[{"embeddable":true,"href":"https:\/\/www.radiopresidenteibanez.cl\/web\/wp-json\/wp\/v2\/media\/32447"}],"wp:attachment":[{"href":"https:\/\/www.radiopresidenteibanez.cl\/web\/wp-json\/wp\/v2\/media?parent=32446"}],"wp:term":[{"taxonomy":"category","embeddable":true,"href":"https:\/\/www.radiopresidenteibanez.cl\/web\/wp-json\/wp\/v2\/categories?post=32446"},{"taxonomy":"post_tag","embeddable":true,"href":"https:\/\/www.radiopresidenteibanez.cl\/web\/wp-json\/wp\/v2\/tags?post=32446"}],"curies":[{"name":"wp","href":"https:\/\/api.w.org\/{rel}","templated":true}]}}