{"id":32441,"date":"2022-09-01T14:17:00","date_gmt":"2022-09-01T17:17:00","guid":{"rendered":"https:\/\/www.radiopresidenteibanez.cl\/web\/?p=32441"},"modified":"2022-09-01T11:55:55","modified_gmt":"2022-09-01T14:55:55","slug":"evento-artistico-literario-declamando-la-patagonia-reunio-a-estudiantes-de-la-comuna-de-punta-arenas","status":"publish","type":"post","link":"https:\/\/www.radiopresidenteibanez.cl\/web\/evento-artistico-literario-declamando-la-patagonia-reunio-a-estudiantes-de-la-comuna-de-punta-arenas\/","title":{"rendered":"EVENTO ART\u00cdSTICO-LITERARIO \u201cDECLAMANDO LA PATAGONIA\u201d  REUNI\u00d3 A ESTUDIANTES DE LA COMUNA DE PUNTA ARENAS"},"content":{"rendered":"\n<p>El 31 de agosto del presente a\u00f1o se realiz\u00f3 el D\u00e9cimo Tercer Encuentro Art\u00edstico-Literario \u201cDeclamando la Patagonia\u2026 Renacer en Poes\u00eda\u201d, organizado por el Departamento de Educaci\u00f3n Extraescolar de la Corporaci\u00f3n Municipal de Punta Arenas con el apoyo de la Seremi de Educaci\u00f3n. La actividad se realiz\u00f3 en el Sal\u00f3n \u201cGabriela Mistral\u201d de la Secreduc&nbsp;&nbsp;y&nbsp;&nbsp;cont\u00f3 con un gran n\u00famero de participantes, quienes declamaron obras de autores regionales.<\/p>\n\n\n\n<p>Los participantes fueron:<\/p>\n\n\n\n<p>&#8211;&nbsp;&nbsp;&nbsp;&nbsp;&nbsp;&nbsp;Mart\u00edn Donoso Correa, 4 B\u00e1sico A, Escuela Croacia<\/p>\n\n\n\n<p>&#8211;&nbsp;&nbsp;&nbsp;&nbsp;&nbsp;&nbsp;Francisca Parra Garay, 1 Medio, Instituto Sagrada Familia<\/p>\n\n\n\n<p>&#8211;&nbsp;&nbsp;&nbsp;&nbsp;&nbsp;&nbsp;Inti Marihuen Moreno, 4 B\u00e1sico A, Escuela Portugal<\/p>\n\n\n\n<p>&#8211;&nbsp;&nbsp;&nbsp;&nbsp;&nbsp;&nbsp;Isidora Paredes Soto, 5 B\u00e1sico A, Colegio Punta Arenas<\/p>\n\n\n\n<p>&#8211;&nbsp;&nbsp;&nbsp;&nbsp;&nbsp;&nbsp;Kayra Caicheo R\u00edos y Abigail V\u00e1squez Gallardo, 1 Medio C y 1 Medio B, Liceo Bicentenario Luis Alberto Barrera<\/p>\n\n\n\n<p>&#8211;&nbsp;&nbsp;&nbsp;&nbsp;&nbsp;&nbsp;Paloma Dur\u00e1n Miranda, 5 B\u00e1sico A, Escuela Portugal<\/p>\n\n\n\n<p>&#8211;&nbsp;&nbsp;&nbsp;&nbsp;&nbsp;&nbsp;Dalunay Serres Guti\u00e9rrez, 4 Medio C, Liceo Bicentenario Luis Alberto Barrera<\/p>\n\n\n\n<p>&#8211;&nbsp;&nbsp;&nbsp;&nbsp;&nbsp;&nbsp;Martina Gaete Carrillo, 3 b\u00e1sico A, Escuela Espa\u00f1a<\/p>\n\n\n\n<p>&#8211;&nbsp;&nbsp;&nbsp;&nbsp;&nbsp;&nbsp;Antonella Yagello Soto, 4 B\u00e1sico, Ex\u00e1menes Libres<\/p>\n\n\n\n<p>&#8211;&nbsp;&nbsp;&nbsp;&nbsp;&nbsp;&nbsp;Trinidad Oyarz\u00fan Carrillo, Kinder, Escuela Espa\u00f1a<\/p>\n\n\n\n<p>&#8211;&nbsp;&nbsp;&nbsp;&nbsp;&nbsp;&nbsp;Lauren Mill\u00e1n Mill\u00e1n, 8 B\u00e1sico, Escuela 18 de Septiembre<\/p>\n\n\n\n<p>&#8211;&nbsp;&nbsp;&nbsp;&nbsp;&nbsp;&nbsp;Basti\u00e1n Navarro M\u00e1rquez, 3 B\u00e1sico A, Colegio Punta Arenas<\/p>\n\n\n\n<p>&#8211;&nbsp;&nbsp;&nbsp;&nbsp;&nbsp;&nbsp;Jos\u00e9 Haro Schwencke, 6 B\u00e1sico, Escuela 18 de Septiembre<\/p>\n\n\n\n<p>&#8211;&nbsp;&nbsp;&nbsp;&nbsp;&nbsp;&nbsp;Benjam\u00edn Rozas Carrera, Felipe Ojeda, 2 Medio A, Liceo San Jos\u00e9<\/p>\n\n\n\n<p>&#8211;&nbsp;&nbsp;&nbsp;&nbsp;&nbsp;&nbsp;Isabella Barrientos Delgado, 3 B\u00e1sico A, Liceo Experimental UMAG<\/p>\n\n\n\n<p>&#8211;&nbsp;&nbsp;&nbsp;&nbsp;&nbsp;&nbsp;\u00c1lvaro Alfaro Venegas, 6 B\u00e1sico, Escuela 18 de Septiembre<\/p>\n\n\n\n<p>&#8211;&nbsp;&nbsp;&nbsp;&nbsp;&nbsp;&nbsp;Sara Zambrano y Liam Mayorga, 2 Medio A, Liceo Polivalente Sara Braun<\/p>\n\n\n\n<p>&#8211;&nbsp;&nbsp;&nbsp;&nbsp;&nbsp;&nbsp;Roberto S\u00e1nchez, 7 B\u00e1sico, Escuela Pedro Sarmiento de Gamboa<\/p>\n\n\n\n<p>&#8211;&nbsp;&nbsp;&nbsp;&nbsp;&nbsp;&nbsp;Mar\u00eda Elena Vel\u00e1squez S\u00e1nchez, 7 B\u00e1sico, Escuela Elba Ojeda G\u00f3mez<\/p>\n\n\n\n<p>&#8211;&nbsp;&nbsp;&nbsp;&nbsp;&nbsp;&nbsp;Sergio C\u00e1rcamo, 6 B\u00e1sico, Escuela Pedro Sarmiento de Gamboa<\/p>\n\n\n\n<p>&#8211;&nbsp;&nbsp;&nbsp;&nbsp;&nbsp;&nbsp;Dafne Oyarzo Herrera, 5 B\u00e1sico B, Escuela Pedro Pablo Lemaitre<\/p>\n\n\n\n<p>&#8211;&nbsp;&nbsp;&nbsp;&nbsp;&nbsp;&nbsp;Valentina Gonz\u00e1lez Gallardo, 7 B\u00e1sico, Escuela Elba Ojeda G\u00f3mez<\/p>\n\n\n\n<p>&#8211;&nbsp;&nbsp;&nbsp;&nbsp;&nbsp;&nbsp;Alonso C\u00e1rdenas Silva, Sebasti\u00e1n Garrido Loyola, Jos\u00e9 Mu\u00f1oz Galindo, 1 B\u00e1sico A y 1 B\u00e1sico B, Instituto Don Bosco<\/p>\n\n\n\n<p>&#8211;&nbsp;&nbsp;&nbsp;&nbsp;&nbsp;&nbsp;Monserrat Oyarzo Galindo, 3 Medio D, Insuco<\/p>\n\n\n\n<p>&#8211;&nbsp;&nbsp;&nbsp;&nbsp;&nbsp;&nbsp;Daniel Sapunar Pe\u00f1a, 3 B\u00e1sico B, Instituto Don Bosco<\/p>\n\n\n\n<p>&#8211;&nbsp;&nbsp;&nbsp;&nbsp;&nbsp;&nbsp;Paulina Uribe Morales,4 Medio B, Insuco<\/p>\n\n\n\n<p>&#8211;&nbsp;&nbsp;&nbsp;&nbsp;&nbsp;&nbsp;Vicente Cepeda Quezada, 5 B\u00e1sico B, Instituto Don Bosco<\/p>\n\n\n\n<p>&#8211;&nbsp;&nbsp;&nbsp;&nbsp;&nbsp;&nbsp;Ashley Dahiana Echeverry, 2 Medio C, Insuco<\/p>\n\n\n\n<p>&#8211;&nbsp;&nbsp;&nbsp;&nbsp;&nbsp;&nbsp;Rafaela Concha Latorre, 3 B\u00e1sico A, Colegio Punta Arenas<\/p>\n\n\n\n<p>&#8211;&nbsp;&nbsp;&nbsp;&nbsp;&nbsp;&nbsp;Monserrat Y\u00e9venes P\u00e9rez, 6 B\u00e1sico, Escuela Elba Ojeda G\u00f3mez<\/p>\n\n\n\n<p>&#8211;&nbsp;&nbsp;&nbsp;&nbsp;&nbsp;&nbsp;Mar\u00eda Fernanda Manr\u00edquez, 8 B\u00e1sico B, Escuela Villa Las Nieves<\/p>\n\n\n\n<p>&#8211;&nbsp;&nbsp;&nbsp;&nbsp;&nbsp;&nbsp;Mar\u00eda Ignacia Levi\u00e9n, 8 B\u00e1sico A, Escuela Hernando de Magallanes<\/p>\n\n\n\n<p>&#8211;&nbsp;&nbsp;&nbsp;&nbsp;&nbsp;&nbsp;Valentina S\u00e1nchez, 3 Medio A, Liceo Experimental UMAG<\/p>\n\n\n\n<p>&#8211;&nbsp;&nbsp;&nbsp;&nbsp;&nbsp;&nbsp;Benjam\u00edn Fuentealba, 3 Medio, Liceo Juan Bautista Contardi<\/p>\n\n\n\n<p>&#8211;&nbsp;&nbsp;&nbsp;&nbsp;&nbsp;&nbsp;Francisco Gonz\u00e1lez, 4 Medio, Liceo Bicentenario Luis Alberto Barrera<\/p>\n\n\n\n<p>Se sum\u00f3 tambi\u00e9n el Taller de Locuci\u00f3n y Conducci\u00f3n de Eventos del Departamento Extraescolar de la Corporaci\u00f3n Municipal de Punta Arenas:<\/p>\n\n\n\n<p>&#8211;&nbsp;&nbsp;&nbsp;&nbsp;&nbsp;&nbsp;Sabina P\u00e9rez, 8 B\u00e1sico, Escuela Hernando de Magallanes<\/p>\n\n\n\n<p>&#8211;&nbsp;&nbsp;&nbsp;&nbsp;&nbsp;&nbsp;Javiera Hern\u00e1ndez, 1 Medio, Liceo Mar\u00eda Auxiliadora<\/p>\n\n\n\n<p>&#8211;&nbsp;&nbsp;&nbsp;&nbsp;&nbsp;&nbsp;Ignacia Levi\u00e9n, Escuela Hernando de Magallanes<\/p>\n\n\n\n<p>&#8211;&nbsp;&nbsp;&nbsp;&nbsp;&nbsp;&nbsp;Nicol\u00e1s Ruiz, 1 Medio, Liceo Bicentenario Luis Alberto Barrera<\/p>\n\n\n\n<p>&#8211;&nbsp;&nbsp;&nbsp;&nbsp;&nbsp;&nbsp;Ariel Arcaya, 8 B\u00e1sico, Escuela Hernando de Magallanes<\/p>\n\n\n\n<p>&#8211;&nbsp;&nbsp;&nbsp;&nbsp;&nbsp;&nbsp;Christopher Gallardo, 1 Medio, Liceo Experimental UMAG<\/p>\n\n\n\n<p>&#8211;&nbsp;&nbsp;&nbsp;&nbsp;&nbsp;&nbsp;Benjam\u00edn Fuentealba, 3 Medio, Liceo Juan Bautista Contardi<\/p>\n\n\n\n<p>&#8211;&nbsp;&nbsp;&nbsp;&nbsp;&nbsp;&nbsp;Valentina S\u00e1nchez, 3 Medio, Liceo Experimental UMAG<\/p>\n\n\n\n<p>&#8211;&nbsp;&nbsp;&nbsp;&nbsp;&nbsp;&nbsp;Francisco Gonz\u00e1lez, 4 Medio, Liceo Bicentenario Luis Alberto Barrera<br><\/p>\n","protected":false},"excerpt":{"rendered":"<p>El 31 de agosto del presente a\u00f1o se realiz\u00f3 el D\u00e9cimo Tercer Encuentro Art\u00edstico-Literario \u201cDeclamando la Patagonia\u2026 Renacer en Poes\u00eda\u201d, organizado por el Departamento de Educaci\u00f3n Extraescolar de la Corporaci\u00f3n&#8230; <a class=\"read-more\" href=\"https:\/\/www.radiopresidenteibanez.cl\/web\/evento-artistico-literario-declamando-la-patagonia-reunio-a-estudiantes-de-la-comuna-de-punta-arenas\/\">Leer m\u00e1s<\/a><\/p>\n","protected":false},"author":2,"featured_media":32377,"comment_status":"closed","ping_status":"closed","sticky":false,"template":"","format":"standard","meta":{"footnotes":""},"categories":[1],"tags":[],"class_list":["post-32441","post","type-post","status-publish","format-standard","has-post-thumbnail","hentry","category-cronica"],"_links":{"self":[{"href":"https:\/\/www.radiopresidenteibanez.cl\/web\/wp-json\/wp\/v2\/posts\/32441","targetHints":{"allow":["GET"]}}],"collection":[{"href":"https:\/\/www.radiopresidenteibanez.cl\/web\/wp-json\/wp\/v2\/posts"}],"about":[{"href":"https:\/\/www.radiopresidenteibanez.cl\/web\/wp-json\/wp\/v2\/types\/post"}],"author":[{"embeddable":true,"href":"https:\/\/www.radiopresidenteibanez.cl\/web\/wp-json\/wp\/v2\/users\/2"}],"replies":[{"embeddable":true,"href":"https:\/\/www.radiopresidenteibanez.cl\/web\/wp-json\/wp\/v2\/comments?post=32441"}],"version-history":[{"count":0,"href":"https:\/\/www.radiopresidenteibanez.cl\/web\/wp-json\/wp\/v2\/posts\/32441\/revisions"}],"wp:featuredmedia":[{"embeddable":true,"href":"https:\/\/www.radiopresidenteibanez.cl\/web\/wp-json\/wp\/v2\/media\/32377"}],"wp:attachment":[{"href":"https:\/\/www.radiopresidenteibanez.cl\/web\/wp-json\/wp\/v2\/media?parent=32441"}],"wp:term":[{"taxonomy":"category","embeddable":true,"href":"https:\/\/www.radiopresidenteibanez.cl\/web\/wp-json\/wp\/v2\/categories?post=32441"},{"taxonomy":"post_tag","embeddable":true,"href":"https:\/\/www.radiopresidenteibanez.cl\/web\/wp-json\/wp\/v2\/tags?post=32441"}],"curies":[{"name":"wp","href":"https:\/\/api.w.org\/{rel}","templated":true}]}}