{"id":32438,"date":"2022-09-01T12:53:00","date_gmt":"2022-09-01T15:53:00","guid":{"rendered":"https:\/\/www.radiopresidenteibanez.cl\/web\/?p=32438"},"modified":"2022-09-01T11:49:15","modified_gmt":"2022-09-01T14:49:15","slug":"abiertas-se-encuentran-las-inscripciones-para-los-y-las-estudiantes-desde-5-basico-a-4-medio-a-participar-en-congreso-regional-explora","status":"publish","type":"post","link":"https:\/\/www.radiopresidenteibanez.cl\/web\/abiertas-se-encuentran-las-inscripciones-para-los-y-las-estudiantes-desde-5-basico-a-4-medio-a-participar-en-congreso-regional-explora\/","title":{"rendered":"Abiertas se encuentran las inscripciones para los y las estudiantes desde 5 b\u00e1sico a 4 medio a participar en Congreso Regional Explora"},"content":{"rendered":"\n<p>Hasta el viernes 07 de octubre, se encuentran abiertas las inscripciones para que\nlos y las estudiantes desde 5 b\u00e1sico a 4 medio de los establecimientos\neducacionales se inscriban a participar para el Congreso Regional de\nInvestigaci\u00f3n e Innovaci\u00f3n Escolar Explora 2022.<\/p>\n\n\n\n<p>Esta\nactividad es parte del Instrumento Investigaci\u00f3n e Innovaci\u00f3n Escolar (IIE) de PAR\nExplora Magallanes -proyecto Asociativo Regional perteneciente al Ministerio de\nCiencia, Tecnolog\u00eda, Conocimiento e Innovaci\u00f3n y ejecutado por la Universidad\nde Magallanes.<\/p>\n\n\n\n<p>Al\nrespecto, la directora del PAR Explora Magallanes, Claudia Salinas, coment\u00f3 que\n\u201c Invito a todos los estudiantes desde 5 b\u00e1sico a 4 medio a que sean parte esta\nes una excelente experiencia, ya que el Congreso Regional de Explora les va a\npermitir socializar los resultados de los proyectos de investigaci\u00f3n e innovaci\u00f3n\nescolar a trav\u00e9s de una exposici\u00f3n, con lenguaje claro y preciso, que les\npermita a ni\u00f1as, ni\u00f1os y adolescentes desarrollar habilidades comunicacionales\ny de argumentaci\u00f3n en un espacio estimulante donde se relacionar\u00e1n con\ndistintos\/as estudiantes, motivando a establecimientos educacionales a desarrollar\nmayores y mejores proyectos de investigaci\u00f3n y\/o innovaci\u00f3n escolar y a&nbsp; su vez compartir experiencias con sus pares e\ninvestigadores\u201d.<\/p>\n\n\n\n<p>Para ser\nparte de esta actividad deben inscribirse a trav\u00e9s del link <a href=\"https:\/\/www.explora.cl\/magallanes\/\">https:\/\/www.explora.cl\/magallanes\/<\/a>,\ndonde encontrar\u00e1n las bases para participar y documentos que se deben adjuntar.\nEn caso del cualquier escribir al mail: <strong>docentes.explora @umag.cl<\/strong>.\nEl plazo vence el <strong>viernes 07 de octubre a las 23:59 horas.<\/strong><\/p>\n\n\n\n<p>Esta actividad\ncient\u00edfico pedag\u00f3gica se realizar\u00e1 los d\u00edas 26, 27 y 28 de octubre en modalidad\npresencial en la ciudad de Punta Arenas.<\/p>\n","protected":false},"excerpt":{"rendered":"<p>Hasta el viernes 07 de octubre, se encuentran abiertas las inscripciones para que los y las estudiantes desde 5 b\u00e1sico a 4 medio de los establecimientos educacionales se inscriban a&#8230; <a class=\"read-more\" href=\"https:\/\/www.radiopresidenteibanez.cl\/web\/abiertas-se-encuentran-las-inscripciones-para-los-y-las-estudiantes-desde-5-basico-a-4-medio-a-participar-en-congreso-regional-explora\/\">Leer m\u00e1s<\/a><\/p>\n","protected":false},"author":2,"featured_media":32439,"comment_status":"closed","ping_status":"closed","sticky":false,"template":"","format":"standard","meta":{"footnotes":""},"categories":[1],"tags":[],"class_list":["post-32438","post","type-post","status-publish","format-standard","has-post-thumbnail","hentry","category-cronica"],"_links":{"self":[{"href":"https:\/\/www.radiopresidenteibanez.cl\/web\/wp-json\/wp\/v2\/posts\/32438","targetHints":{"allow":["GET"]}}],"collection":[{"href":"https:\/\/www.radiopresidenteibanez.cl\/web\/wp-json\/wp\/v2\/posts"}],"about":[{"href":"https:\/\/www.radiopresidenteibanez.cl\/web\/wp-json\/wp\/v2\/types\/post"}],"author":[{"embeddable":true,"href":"https:\/\/www.radiopresidenteibanez.cl\/web\/wp-json\/wp\/v2\/users\/2"}],"replies":[{"embeddable":true,"href":"https:\/\/www.radiopresidenteibanez.cl\/web\/wp-json\/wp\/v2\/comments?post=32438"}],"version-history":[{"count":0,"href":"https:\/\/www.radiopresidenteibanez.cl\/web\/wp-json\/wp\/v2\/posts\/32438\/revisions"}],"wp:featuredmedia":[{"embeddable":true,"href":"https:\/\/www.radiopresidenteibanez.cl\/web\/wp-json\/wp\/v2\/media\/32439"}],"wp:attachment":[{"href":"https:\/\/www.radiopresidenteibanez.cl\/web\/wp-json\/wp\/v2\/media?parent=32438"}],"wp:term":[{"taxonomy":"category","embeddable":true,"href":"https:\/\/www.radiopresidenteibanez.cl\/web\/wp-json\/wp\/v2\/categories?post=32438"},{"taxonomy":"post_tag","embeddable":true,"href":"https:\/\/www.radiopresidenteibanez.cl\/web\/wp-json\/wp\/v2\/tags?post=32438"}],"curies":[{"name":"wp","href":"https:\/\/api.w.org\/{rel}","templated":true}]}}