{"id":32435,"date":"2022-09-01T11:42:11","date_gmt":"2022-09-01T14:42:11","guid":{"rendered":"https:\/\/www.radiopresidenteibanez.cl\/web\/?p=32435"},"modified":"2022-09-01T11:42:19","modified_gmt":"2022-09-01T14:42:19","slug":"profesional-de-enap-en-tierra-del-fuego-es-distinguida-como-mujer-minera-2022","status":"publish","type":"post","link":"https:\/\/www.radiopresidenteibanez.cl\/web\/profesional-de-enap-en-tierra-del-fuego-es-distinguida-como-mujer-minera-2022\/","title":{"rendered":"PROFESIONAL DE ENAP EN TIERRA DEL FUEGO ES DISTINGUIDA COMO MUJER MINERA 2022"},"content":{"rendered":"\n<p>Con 10 a\u00f1os de trayectoria en la\nempresa, un f\u00e9rreo compromiso con la seguridad y muchas horas destinadas a\naprender sobre la industria de los hidrocarburos, la profesional Angie Cruz,\ningeniera en prevenci\u00f3n de riesgos de ENAP Magallanes, fue distinguida este\nmartes como Mujer Minera 2022.<\/p>\n\n\n\n<p>El reconocimiento, entregado en Porvenir,\nTierra del Fuego, marc\u00f3 un d\u00eda especial en la vida de Angie, profesional que obtuvo\nla distinci\u00f3n de manos del seremi de Miner\u00eda, Juan Montecinos Saa; y la seremi\nde la Mujer, Alejandra Ruiz, quienes lideran la Mesa de Mujer y Miner\u00eda en la\nregi\u00f3n. <\/p>\n\n\n\n<p>Ambas autoridades relevaron que\neste premio se otorga todos los a\u00f1os para contribuir a incentivar el ingreso femenino\na labores donde mayoritariamente prima la presencia masculina. <\/p>\n\n\n\n<p>\u201cTratamos de relevar la\nimportancia de la inclusi\u00f3n femenina en la industria. Nosotros entendemos que\nENAP ha hecho un esfuerzo importante por incorporar mujeres a la fuerza de\ntrabajo. Esperamos que eso siga avanzando, porque a\u00fan cuesta que se integren\npor distintas razones. Nosotros seguiremos trabajando para acortar esas\nbrechas\u201d, expres\u00f3 el seremi de Miner\u00eda.<\/p>\n\n\n\n<p>Angie es ingeniera en prevenci\u00f3n\nde riesgos y previamente curs\u00f3 la carrera t\u00e9cnica en procesos industriales en\nla Universidad de Magallanes. Actualmente pertenece a la Unidad de Prevenci\u00f3n\nde Riesgos de ENAP en la isla, lugar donde se desempe\u00f1a desde sus inicios, cumpliendo\nlabores en rol 8&#215;6, lo cual -asegura- le permite compatibilizar su trabajo con\nla vida personal. <\/p>\n\n\n\n<p>\u201cEl sistema me acomoda, porque\npuedo estar 6 d\u00edas en mi casa, donde disfruto a mi familia, especialmente a mi\nhija que hoy tiene 12 a\u00f1os; y en los 8 d\u00edas de trabajo me dedico a mi\ndesarrollo profesional\u201d, explica.<\/p>\n\n\n\n<p>Seg\u00fan cuenta, su d\u00eda a d\u00eda en\nterreno comienza a las 07:30 de la ma\u00f1ana, oportunidad en la que se re\u00fane con\nsu jefatura, se eval\u00faan las labores a realizar y se dividen los trabajos,\ndesempe\u00f1ando funciones en diversas \u00e1reas, como equipos de perforaci\u00f3n, la\ncentral compresora Arenal y Planta Cullen, todas instalaciones claves en el\ndesaf\u00edo de ENAP de abastecer de energ\u00eda a Magallanes. <\/p>\n\n\n\n<p>\u201cMe siendo muy orgullosa de ser\nparte de esta empresa, estoy muy contenta por lo que he logrado. No fue f\u00e1cil,\ndebo reconocerlo, porque cuando llegu\u00e9 solo hab\u00eda hombres y las mujeres eran\nvistas como <em>yetas<\/em>. Adem\u00e1s, yo ven\u00eda a poner orden en el \u00e1rea, iba con los\ntemas de seguridad. Pero con mucha perseverancia, esfuerzo y horas de estudio,\npara conocer el trabajo que se hac\u00eda en terreno, me gan\u00e9 el cari\u00f1o de mis\ncompa\u00f1eros y hoy siento que soy reconocida y respetada por mis pares\u201d.<\/p>\n\n\n\n<p>La profesional concluye con una\ninvitaci\u00f3n a las mujeres para que se atrevan y trabajen en sistema de rol.\n\u201cSomos muy pocas en terreno, as\u00ed es que ojal\u00e1 se sumen m\u00e1s. La verdad es que el\ntrabajo es llevadero, se puede ser mam\u00e1 y ser profesional\u201d.<\/p>\n\n\n\n<p>En la ceremonia, Angie estuvo\nacompa\u00f1ada por el director de Seguridad y Salud Ocupacional de ENAP Magallanes,\nMauricio Torres; la representante del Sindicato de Trabajadores ENAP Magallanes,\nGraciela V\u00e1squez; y la encargada de Equidad de G\u00e9nero de ENAP Magallanes, Erica\nHidalgo. <\/p>\n","protected":false},"excerpt":{"rendered":"<p>Con 10 a\u00f1os de trayectoria en la empresa, un f\u00e9rreo compromiso con la seguridad y muchas horas destinadas a aprender sobre la industria de los hidrocarburos, la profesional Angie Cruz,&#8230; <a class=\"read-more\" href=\"https:\/\/www.radiopresidenteibanez.cl\/web\/profesional-de-enap-en-tierra-del-fuego-es-distinguida-como-mujer-minera-2022\/\">Leer m\u00e1s<\/a><\/p>\n","protected":false},"author":2,"featured_media":32436,"comment_status":"closed","ping_status":"closed","sticky":false,"template":"","format":"standard","meta":{"footnotes":""},"categories":[1],"tags":[],"class_list":["post-32435","post","type-post","status-publish","format-standard","has-post-thumbnail","hentry","category-cronica"],"_links":{"self":[{"href":"https:\/\/www.radiopresidenteibanez.cl\/web\/wp-json\/wp\/v2\/posts\/32435","targetHints":{"allow":["GET"]}}],"collection":[{"href":"https:\/\/www.radiopresidenteibanez.cl\/web\/wp-json\/wp\/v2\/posts"}],"about":[{"href":"https:\/\/www.radiopresidenteibanez.cl\/web\/wp-json\/wp\/v2\/types\/post"}],"author":[{"embeddable":true,"href":"https:\/\/www.radiopresidenteibanez.cl\/web\/wp-json\/wp\/v2\/users\/2"}],"replies":[{"embeddable":true,"href":"https:\/\/www.radiopresidenteibanez.cl\/web\/wp-json\/wp\/v2\/comments?post=32435"}],"version-history":[{"count":0,"href":"https:\/\/www.radiopresidenteibanez.cl\/web\/wp-json\/wp\/v2\/posts\/32435\/revisions"}],"wp:featuredmedia":[{"embeddable":true,"href":"https:\/\/www.radiopresidenteibanez.cl\/web\/wp-json\/wp\/v2\/media\/32436"}],"wp:attachment":[{"href":"https:\/\/www.radiopresidenteibanez.cl\/web\/wp-json\/wp\/v2\/media?parent=32435"}],"wp:term":[{"taxonomy":"category","embeddable":true,"href":"https:\/\/www.radiopresidenteibanez.cl\/web\/wp-json\/wp\/v2\/categories?post=32435"},{"taxonomy":"post_tag","embeddable":true,"href":"https:\/\/www.radiopresidenteibanez.cl\/web\/wp-json\/wp\/v2\/tags?post=32435"}],"curies":[{"name":"wp","href":"https:\/\/api.w.org\/{rel}","templated":true}]}}