{"id":3243,"date":"2019-04-11T14:25:08","date_gmt":"2019-04-11T14:25:08","guid":{"rendered":"http:\/\/www.radiopresidenteibanez.cl\/web\/?p=3243"},"modified":"2019-04-11T14:25:34","modified_gmt":"2019-04-11T14:25:34","slug":"gobernacion-provincial-junto-a-carabineros-y-sii-realizo-ronda-extraordinaria-en-sector-archipielago-de-chiloe","status":"publish","type":"post","link":"https:\/\/www.radiopresidenteibanez.cl\/web\/gobernacion-provincial-junto-a-carabineros-y-sii-realizo-ronda-extraordinaria-en-sector-archipielago-de-chiloe\/","title":{"rendered":"GOBERNACI\u00d3N PROVINCIAL, JUNTO A CARABINEROS Y SII, REALIZ\u00d3 RONDA EXTRAORDINARIA EN SECTOR ARCHIPI\u00c9LAGO DE CHILO\u00c9"},"content":{"rendered":"\n<p>Durante la noche del mi\u00e9rcoles la Gobernaci\u00f3n\nprovincial de Magallanes, en conjunto con Carabineros y el Servicio de\nImpuestos Internos, realiz\u00f3 un operativo&nbsp;\nde fiscalizaci\u00f3n en la poblaci\u00f3n Archipi\u00e9lago de Chilo\u00e9, liderado por el\ngobernador Homero Villegas N\u00fa\u00f1ez, en respuesta a riesgos identificados en mapas\nperceptuales, confeccionados por los mismos pobladores durante un Di\u00e1logo\nCiudadano realizado la tarde del domingo reci\u00e9n pasado en la Junta de Vecinos\ndel sector.<\/p>\n\n\n\n<p>El gobernador Homero Villegas, explic\u00f3 que \u201cqueremos\nque los vecinos de esta zona sur de Punta Arenas puedan tener la tranquilidad\nde que estamos preocupados de que funcione todo en regla. Estamos realizando\nesta fiscalizaci\u00f3n esencialmente porque hemos tenido contacto con los vecinos,\nquienes nos han dicho que hay demasiadas inseguridades y por eso estamos fiscalizando\nlocales y la parte vehicular, porque hay muchos reclamos por carreras\nnocturnas, personas en estado de ebriedad y otras denuncias que nos ha motivado\na estar ac\u00e1 hoy d\u00eda. Por eso queremos dejarle claro a la ciudadan\u00eda que estamos\npreocupados como gobernaci\u00f3n, de la seguridad de los vecinos y sobre todo que\nnos vamos a preocupar mucho de la fiscalizaci\u00f3n. Estamos entregando un mensaje\nde tranquilidad y de que estamos preocupados por su seguridad.<\/p>\n\n\n\n<p>Durante el di\u00e1logo ciudadano los vecinos se\u00f1alaron\nalgunos puntos que les generaban una sensaci\u00f3n de temor, problemas\nprincipalmente de seguridad p\u00fablica, que generan una percepci\u00f3n de inseguridad,\npor esa raz\u00f3n, Carabineros determin\u00f3 un equipo especial que realiz\u00f3\nfiscalizaciones de tr\u00e1nsito y otras labores en las inmediaciones de algunos\nlugares con patentes de alcohol que aparentemente tambi\u00e9n ocasionar\u00edan\nsensaci\u00f3n de temor en la comunidad.<\/p>\n\n\n\n<p>Al respecto el Capit\u00e1n Osvaldo Loyola, Subcomisario\nde la Primera Comisar\u00eda de Punta Arenas, fue enf\u00e1tico al se\u00f1alar que \u201cTenemos\nque entender que la seguridad es un bien p\u00fablico, un bien com\u00fan que nos\npertenece a todos, por ende estamos trabajando en esta fiscalizaci\u00f3n con un\nequipo multidisciplinario, para poder entregar a la comunidad una respuesta al\nrequerimiento de seguridad p\u00fablica. Ac\u00e1 tenemos un reclamo permanente de\nalgunas calles que est\u00e1n, tanto al interior, como en el per\u00edmetro de esta\npoblaci\u00f3n, por veh\u00edculos que ocasionan ruidos molestos, carreras clandestinas,\nentre otros. Por lo tanto estamos enfocados a eso, veh\u00edculos que no cumplen con\nla norma de documentaci\u00f3n vigente, tubo de escape como corresponde, visibilidad\nnormada a trav\u00e9s de los vidrios del veh\u00edculo, documentaci\u00f3n y l\u00edmites de\nvelocidad. Mientras que nuestra patrulla de alcohol est\u00e1 verificando que las\nbotiller\u00edas que est\u00e1n al interior de la poblaci\u00f3n mantengan sus patentes al\nd\u00eda, con la finalidad que no haya ning\u00fan lugar que, clandestinamente, venda\nbebidas alcoh\u00f3licas a las personas\u201d.<\/p>\n\n\n\n<p>El capit\u00e1n Loyola, agreg\u00f3 que en Magallanes son\nmuchas las personas que conducen con licencia de conducir vencida, o sin haber\nobtenido jam\u00e1s este documento, faltas que en su mayor\u00eda, aunque no\nexclusivamente, son cometidas por j\u00f3venes, y que fue una recurrencia durante la\nfiscalizaci\u00f3n,&nbsp; por esa raz\u00f3n la\nimportancia de estos operativos, que sirven para educar a la poblaci\u00f3n, con el\nfin de prevenir accidentes que podr\u00edan ser mortales.<\/p>\n\n\n\n<p>Los funcionarios del Servicio de Impuestos Internos\nrealizaron una minuciosa inspecci\u00f3n en los locales al interior y en la\nperiferia de la poblaci\u00f3n, para detectar posibles faltas a las normas\nestablecidas, encontr\u00e1ndose s\u00f3lo un establecimiento con irregularidad. Este tipo de controles se seguir\u00e1n realizando en los\ndiversos sectores de Punta Arenas.<\/p>\n\n\n\n<p>Finalmente el gobernador agradeci\u00f3 a los funcionarios de Carabineros, SII y gobernaci\u00f3n, por el trabajo comprometido que realizan en pos de la seguridad de las personas de su comunidad.<\/p>\n\n\n\n<ul class=\"wp-block-gallery columns-2 is-cropped wp-block-gallery-1 is-layout-flex wp-block-gallery-is-layout-flex\"><li class=\"blocks-gallery-item\"><figure><img loading=\"lazy\" decoding=\"async\" width=\"1024\" height=\"768\" src=\"https:\/\/www.radiopresidenteibanez.cl\/web\/wp-content\/uploads\/2019\/04\/2-1024x768.jpg\" alt=\"\" data-id=\"3244\" data-link=\"https:\/\/www.radiopresidenteibanez.cl\/web\/?attachment_id=3244\" class=\"wp-image-3244\" srcset=\"https:\/\/www.radiopresidenteibanez.cl\/web\/wp-content\/uploads\/2019\/04\/2-1024x768.jpg 1024w, https:\/\/www.radiopresidenteibanez.cl\/web\/wp-content\/uploads\/2019\/04\/2-300x225.jpg 300w, https:\/\/www.radiopresidenteibanez.cl\/web\/wp-content\/uploads\/2019\/04\/2-768x576.jpg 768w, https:\/\/www.radiopresidenteibanez.cl\/web\/wp-content\/uploads\/2019\/04\/2.jpg 1280w\" sizes=\"auto, (max-width: 1024px) 100vw, 1024px\" \/><\/figure><\/li><li class=\"blocks-gallery-item\"><figure><img loading=\"lazy\" decoding=\"async\" width=\"1024\" height=\"768\" src=\"https:\/\/www.radiopresidenteibanez.cl\/web\/wp-content\/uploads\/2019\/04\/3-1024x768.jpg\" alt=\"\" data-id=\"3245\" data-link=\"https:\/\/www.radiopresidenteibanez.cl\/web\/?attachment_id=3245\" class=\"wp-image-3245\" srcset=\"https:\/\/www.radiopresidenteibanez.cl\/web\/wp-content\/uploads\/2019\/04\/3-1024x768.jpg 1024w, https:\/\/www.radiopresidenteibanez.cl\/web\/wp-content\/uploads\/2019\/04\/3-300x225.jpg 300w, https:\/\/www.radiopresidenteibanez.cl\/web\/wp-content\/uploads\/2019\/04\/3-768x576.jpg 768w, https:\/\/www.radiopresidenteibanez.cl\/web\/wp-content\/uploads\/2019\/04\/3.jpg 1280w\" sizes=\"auto, (max-width: 1024px) 100vw, 1024px\" \/><\/figure><\/li><\/ul>\n","protected":false},"excerpt":{"rendered":"<p>Durante la noche del mi\u00e9rcoles la Gobernaci\u00f3n provincial de Magallanes, en conjunto con Carabineros y el Servicio de Impuestos Internos, realiz\u00f3 un operativo&nbsp; de fiscalizaci\u00f3n en la poblaci\u00f3n Archipi\u00e9lago de&#8230; <a class=\"read-more\" href=\"https:\/\/www.radiopresidenteibanez.cl\/web\/gobernacion-provincial-junto-a-carabineros-y-sii-realizo-ronda-extraordinaria-en-sector-archipielago-de-chiloe\/\">Leer m\u00e1s<\/a><\/p>\n","protected":false},"author":2,"featured_media":3244,"comment_status":"closed","ping_status":"closed","sticky":false,"template":"","format":"standard","meta":{"footnotes":""},"categories":[1],"tags":[],"class_list":["post-3243","post","type-post","status-publish","format-standard","has-post-thumbnail","hentry","category-cronica"],"_links":{"self":[{"href":"https:\/\/www.radiopresidenteibanez.cl\/web\/wp-json\/wp\/v2\/posts\/3243","targetHints":{"allow":["GET"]}}],"collection":[{"href":"https:\/\/www.radiopresidenteibanez.cl\/web\/wp-json\/wp\/v2\/posts"}],"about":[{"href":"https:\/\/www.radiopresidenteibanez.cl\/web\/wp-json\/wp\/v2\/types\/post"}],"author":[{"embeddable":true,"href":"https:\/\/www.radiopresidenteibanez.cl\/web\/wp-json\/wp\/v2\/users\/2"}],"replies":[{"embeddable":true,"href":"https:\/\/www.radiopresidenteibanez.cl\/web\/wp-json\/wp\/v2\/comments?post=3243"}],"version-history":[{"count":0,"href":"https:\/\/www.radiopresidenteibanez.cl\/web\/wp-json\/wp\/v2\/posts\/3243\/revisions"}],"wp:featuredmedia":[{"embeddable":true,"href":"https:\/\/www.radiopresidenteibanez.cl\/web\/wp-json\/wp\/v2\/media\/3244"}],"wp:attachment":[{"href":"https:\/\/www.radiopresidenteibanez.cl\/web\/wp-json\/wp\/v2\/media?parent=3243"}],"wp:term":[{"taxonomy":"category","embeddable":true,"href":"https:\/\/www.radiopresidenteibanez.cl\/web\/wp-json\/wp\/v2\/categories?post=3243"},{"taxonomy":"post_tag","embeddable":true,"href":"https:\/\/www.radiopresidenteibanez.cl\/web\/wp-json\/wp\/v2\/tags?post=3243"}],"curies":[{"name":"wp","href":"https:\/\/api.w.org\/{rel}","templated":true}]}}