{"id":32428,"date":"2022-09-01T09:24:00","date_gmt":"2022-09-01T12:24:00","guid":{"rendered":"https:\/\/www.radiopresidenteibanez.cl\/web\/?p=32428"},"modified":"2022-09-01T08:59:55","modified_gmt":"2022-09-01T11:59:55","slug":"mas-de-8-mil-alumnos-y-alumnas-recibiran-vacuna-programatica-escolar-2022","status":"publish","type":"post","link":"https:\/\/www.radiopresidenteibanez.cl\/web\/mas-de-8-mil-alumnos-y-alumnas-recibiran-vacuna-programatica-escolar-2022\/","title":{"rendered":"M\u00c1S DE 8 MIL ALUMNOS Y ALUMNAS RECIBIR\u00c1N VACUNA PROGRAM\u00c1TICA ESCOLAR 2022"},"content":{"rendered":"\n<p>Durante el segundo semestre de cada a\u00f1o el Ministerio de Salud a nivel nacional y regional ejecuta en todos los establecimientos educacionales del pa\u00eds la Vacunaci\u00f3n Program\u00e1tica Escolar, como parte del Programa Nacional de Inmunizaciones (PNI).<br>\nEs as\u00ed como esta ma\u00f1ana en el Liceo Mar\u00eda Auxiliadora en Punta Arenas se realiz\u00f3  una actividad de  difusi\u00f3n de esta vacunaci\u00f3n, la cual cont\u00f3 con la presencia de la SEREMI de Salud, Francisca Sanfuentes, el Alcalde de Punta Arenas Claudio Radonich, el Director (S) del Servicio de Salud Magallanes, Ricardo Contreras, representantes del Cesfam Carlos Ib\u00e1\u00f1ez y la comunidad educativa de este recinto, Rosa Cremaschi Ojeda, Directora Pedag\u00f3gica y Sor Fanny Dobronic, Directora de la Comunidad Religiosa de las Hijas de Mar\u00eda Auxiliadora en Punta Arenas.<br>\nLa encargada regional del Programa Nacional Inmunizaciones (PNI) de la SEREMI, enfermera Janet Vrsalovic, explic\u00f3 que este a\u00f1o la vacunaci\u00f3n incluye a los ni\u00f1os y ni\u00f1as de primer a\u00f1o b\u00e1sico con la vacuna contra Difteria, T\u00e9tanos y Tos convulsiva (dTpa), la cual se repite en los octavos b\u00e1sicos. A su vez, se administrar\u00e1 la vacuna contra el Virus Papiloma Humano (VPH) a ni\u00f1os y ni\u00f1as de cuarto b\u00e1sico y su segunda dosis en quinto b\u00e1sico.<br>\nLa SEREMI Francisca Sanfuentes, resalta que esta actividad busca acercar estas vacunas a la poblaci\u00f3n, las cuales tienen un importante impacto en la prevenci\u00f3n de enfermedades y de mortalidad sobre ciertas patolog\u00edas. Explic\u00f3 que \u201cel hecho de vacunar en terreno, visitando los establecimientos, nos permite alcanzar buenas coberturas y as\u00ed logrando el objetivo de alcanzar m\u00e1s de 8 mil estudiantes\u201d.<\/p>\n\n\n\n<p>El Alcalde de Punta Arenas, Claudio Radonich, se\u00f1al\u00f3 que es importante reforzar no s\u00f3lo las vacunas Covid, sino aquellas que son habituales y que cada a\u00f1o se llevaban a cabo. \u201cEstas vacunas son obligatorias, dentro del Programa Nacional de Inmunizaciones, lo que busca es que nuestros ni\u00f1os y ni\u00f1as est\u00e9n m\u00e1s seguros de enfermedades. El llamado es estar atentos a la visita de los Cesfams a los diversos establecimientos, producto del trabajo en conjunto de la Cormupa y la SEREMI\u201d.<br>\nEl proceso de vacunaci\u00f3n es gratuito y se realiza tanto en los establecimientos educacionales p\u00fablicos, subvencionados y privados. En total son 41 recintos escolares en Punta Arenas que ser\u00e1n visitados por los equipos de salud. A la fecha, explica la enfermera Janet Vrsalovic, se han efectuados operativos en un 50% de dichos establecimientos, lo cual ha implicado un amplio despliegue en terreno realizado por los equipos de vacunatorios de los diferentes Centros de Salud Familiar. <br>\nAgreg\u00f3 que esta Campa\u00f1a busca proteger a los ni\u00f1os y ni\u00f1as beneficiarios, pero tambi\u00e9n a los menores especialmente a los lactantes de 3 meses y menos contra la tos convulsiva.  Las vacunas utilizadas son seguras y efectivas. <br>\nLa Directora Pedag\u00f3gica del Liceo Mar\u00eda Auxiliadora, Rosa Cremaschi, se\u00f1al\u00f3 que \u201ces muy relevante para nuestras estudiantes y para la ciudadan\u00eda, el desarrollo de la Campa\u00f1a en el liceo, pues se previenen enfermedades graves y peligrosas. La salud es un bien que tenemos que cuidar y una alianza entre educaci\u00f3n y salud\u201d.<br>\nIgual opiniones expresaron alumnas de octavo b\u00e1sico, quienes destacaron la posibilidad de protegerse y de vacunase en su propio colegio, evitando el traslado a otros puntos de la ciudad. <\/p>\n","protected":false},"excerpt":{"rendered":"<p>Durante el segundo semestre de cada a\u00f1o el Ministerio de Salud a nivel nacional y regional ejecuta en todos los establecimientos educacionales del pa\u00eds la Vacunaci\u00f3n Program\u00e1tica Escolar, como parte&#8230; <a class=\"read-more\" href=\"https:\/\/www.radiopresidenteibanez.cl\/web\/mas-de-8-mil-alumnos-y-alumnas-recibiran-vacuna-programatica-escolar-2022\/\">Leer m\u00e1s<\/a><\/p>\n","protected":false},"author":2,"featured_media":32430,"comment_status":"closed","ping_status":"closed","sticky":false,"template":"","format":"standard","meta":{"footnotes":""},"categories":[1],"tags":[],"class_list":["post-32428","post","type-post","status-publish","format-standard","has-post-thumbnail","hentry","category-cronica"],"_links":{"self":[{"href":"https:\/\/www.radiopresidenteibanez.cl\/web\/wp-json\/wp\/v2\/posts\/32428","targetHints":{"allow":["GET"]}}],"collection":[{"href":"https:\/\/www.radiopresidenteibanez.cl\/web\/wp-json\/wp\/v2\/posts"}],"about":[{"href":"https:\/\/www.radiopresidenteibanez.cl\/web\/wp-json\/wp\/v2\/types\/post"}],"author":[{"embeddable":true,"href":"https:\/\/www.radiopresidenteibanez.cl\/web\/wp-json\/wp\/v2\/users\/2"}],"replies":[{"embeddable":true,"href":"https:\/\/www.radiopresidenteibanez.cl\/web\/wp-json\/wp\/v2\/comments?post=32428"}],"version-history":[{"count":0,"href":"https:\/\/www.radiopresidenteibanez.cl\/web\/wp-json\/wp\/v2\/posts\/32428\/revisions"}],"wp:featuredmedia":[{"embeddable":true,"href":"https:\/\/www.radiopresidenteibanez.cl\/web\/wp-json\/wp\/v2\/media\/32430"}],"wp:attachment":[{"href":"https:\/\/www.radiopresidenteibanez.cl\/web\/wp-json\/wp\/v2\/media?parent=32428"}],"wp:term":[{"taxonomy":"category","embeddable":true,"href":"https:\/\/www.radiopresidenteibanez.cl\/web\/wp-json\/wp\/v2\/categories?post=32428"},{"taxonomy":"post_tag","embeddable":true,"href":"https:\/\/www.radiopresidenteibanez.cl\/web\/wp-json\/wp\/v2\/tags?post=32428"}],"curies":[{"name":"wp","href":"https:\/\/api.w.org\/{rel}","templated":true}]}}