{"id":32410,"date":"2022-08-31T14:13:00","date_gmt":"2022-08-31T17:13:00","guid":{"rendered":"https:\/\/www.radiopresidenteibanez.cl\/web\/?p=32410"},"modified":"2022-08-31T12:03:07","modified_gmt":"2022-08-31T15:03:07","slug":"minvu-llama-a-licitacion-obras-del-barrio-comercial-18-de-septiembre","status":"publish","type":"post","link":"https:\/\/www.radiopresidenteibanez.cl\/web\/minvu-llama-a-licitacion-obras-del-barrio-comercial-18-de-septiembre\/","title":{"rendered":"MINVU LLAMA A LICITACION OBRAS DEL BARRIO COMERCIAL 18 DE SEPTIEMBRE"},"content":{"rendered":"\n<p>En licitaci\u00f3n se encuentra el proyecto \u201cMejoramiento Barrio Comercial 18 de septiembre\u201d, cuyo dise\u00f1o fue desarrollado por el Serviu de manera participativa, con residentes y comerciantes de este tradicional sector de Punta Arenas.<\/p>\n\n\n\n<p>El&nbsp;<strong>Seremi de Vivienda y Urbanismo<\/strong>,&nbsp;<strong>Marco Uribe Saldivia<\/strong>&nbsp;indic\u00f3 \u201c<strong>Sabemos que los habitantes del Barrio 18 de Septiembre, necesitan esta obra para atraer mayor flujo de p\u00fablico a sus locales comerciales y tambi\u00e9n para transitar de forma segura por esta importante Avenida de la ciudad. Por esto una vez que cierren las convocatorias a licitaci\u00f3n, esperamos entregar buenas noticias y comenzar la ejecuci\u00f3n de dichas obras en el corto plazo\u201d.<\/strong><\/p>\n\n\n\n<p>Las mejoras consideran normalizaci\u00f3n de rebajes en todas las esquinas para otorgar accesibilidad universal en cruces peatonales, instalaci\u00f3n de iluminaci\u00f3n, vallas peatonales de seguridad,&nbsp;&nbsp; se\u00f1al\u00e9tica vial, \u00e1reas verdes y paraderos de locomoci\u00f3n colectiva. Adem\u00e1s, se construir\u00e1n hitos informativos con la imagen corporativa del Barrio Comercial 18 de Septiembre.<\/p>\n\n\n\n<p>La licitaci\u00f3n a cargo del Servicio de Vivienda y Urbanizaci\u00f3n, SERVIU, considera dos llamados que estar\u00e1n abiertos hasta los primeros d\u00edas de octubre. La extensi\u00f3n total del proyecto es de 1.4 kil\u00f3metros.<\/p>\n","protected":false},"excerpt":{"rendered":"<p>En licitaci\u00f3n se encuentra el proyecto \u201cMejoramiento Barrio Comercial 18 de septiembre\u201d, cuyo dise\u00f1o fue desarrollado por el Serviu de manera participativa, con residentes y comerciantes de este tradicional sector&#8230; <a class=\"read-more\" href=\"https:\/\/www.radiopresidenteibanez.cl\/web\/minvu-llama-a-licitacion-obras-del-barrio-comercial-18-de-septiembre\/\">Leer m\u00e1s<\/a><\/p>\n","protected":false},"author":2,"featured_media":32411,"comment_status":"closed","ping_status":"closed","sticky":false,"template":"","format":"standard","meta":{"footnotes":""},"categories":[1],"tags":[],"class_list":["post-32410","post","type-post","status-publish","format-standard","has-post-thumbnail","hentry","category-cronica"],"_links":{"self":[{"href":"https:\/\/www.radiopresidenteibanez.cl\/web\/wp-json\/wp\/v2\/posts\/32410","targetHints":{"allow":["GET"]}}],"collection":[{"href":"https:\/\/www.radiopresidenteibanez.cl\/web\/wp-json\/wp\/v2\/posts"}],"about":[{"href":"https:\/\/www.radiopresidenteibanez.cl\/web\/wp-json\/wp\/v2\/types\/post"}],"author":[{"embeddable":true,"href":"https:\/\/www.radiopresidenteibanez.cl\/web\/wp-json\/wp\/v2\/users\/2"}],"replies":[{"embeddable":true,"href":"https:\/\/www.radiopresidenteibanez.cl\/web\/wp-json\/wp\/v2\/comments?post=32410"}],"version-history":[{"count":0,"href":"https:\/\/www.radiopresidenteibanez.cl\/web\/wp-json\/wp\/v2\/posts\/32410\/revisions"}],"wp:featuredmedia":[{"embeddable":true,"href":"https:\/\/www.radiopresidenteibanez.cl\/web\/wp-json\/wp\/v2\/media\/32411"}],"wp:attachment":[{"href":"https:\/\/www.radiopresidenteibanez.cl\/web\/wp-json\/wp\/v2\/media?parent=32410"}],"wp:term":[{"taxonomy":"category","embeddable":true,"href":"https:\/\/www.radiopresidenteibanez.cl\/web\/wp-json\/wp\/v2\/categories?post=32410"},{"taxonomy":"post_tag","embeddable":true,"href":"https:\/\/www.radiopresidenteibanez.cl\/web\/wp-json\/wp\/v2\/tags?post=32410"}],"curies":[{"name":"wp","href":"https:\/\/api.w.org\/{rel}","templated":true}]}}