{"id":32401,"date":"2022-08-31T10:36:00","date_gmt":"2022-08-31T13:36:00","guid":{"rendered":"https:\/\/www.radiopresidenteibanez.cl\/web\/?p=32401"},"modified":"2022-08-31T09:41:07","modified_gmt":"2022-08-31T12:41:07","slug":"con-mas-de-3-mil-visitas-gascoeduca-celebro-tres-anos-en-magallanes","status":"publish","type":"post","link":"https:\/\/www.radiopresidenteibanez.cl\/web\/con-mas-de-3-mil-visitas-gascoeduca-celebro-tres-anos-en-magallanes\/","title":{"rendered":"CON MAS DE 3 MIL VISITAS GASCOEDUCA CELEBRO TRES A\u00d1OS EN MAGALLANES"},"content":{"rendered":"\n<p>En la Sala de la energ\u00eda del museo Maggiorino Borgatello de Punta Arenas, se realiz\u00f3 una significativa ceremonia, el viernes 26 de agosto, con el prop\u00f3sito de conmemorar tres a\u00f1os de permanencia de la muestra \u201cGas Energ\u00eda Natural de Magallanes\u201d y su laboratorio de experiencias, del Programa GascoEduca, la que ha sido visitada por m\u00e1s de 3 mil personas en ese per\u00edodo de tiempo.<\/p>\n\n\n\n<p>En la ocasi\u00f3n el Presidente del Directorio de Empresas GASCO, Mat\u00edas P\u00e9rez Cruz, destac\u00f3 la iniciativa se\u00f1alando que \u201clo que estamos haciendo en educaci\u00f3n es algo concreto, que se puede ver y escuchar en el museo\u201d, agreg\u00f3 que para la compa\u00f1\u00eda es \u201cun orgullo ser parte de este museo en el que esperamos permanecer por mucho tiempo. Nos compromete porque sin duda constituye un gran aporte para todos los visitantes y cuenta con un equipo a cargo muy comprometido.\u201d<\/p>\n\n\n\n<p>Salvatore Cirillo, Director del museo Maggiorino Borgatello, en tanto, dijo que \u201cha sido una iniciativa muy interesante, muy educativa, sobre todo para los ni\u00f1os, los j\u00f3venes, los universitarios quienes se pueden informar sobre el uso y buen uso de la energ\u00eda verde, de la energ\u00eda que hoy se utiliza.\u201d<\/p>\n\n\n\n<p>Asimismo, Karla \u00c1lvarez, Jefe de Proyectos de Educaci\u00f3n en Energ\u00eda y Patrimonio de Empresas Gasco, indic\u00f3 que \u201ccon esta muestra permanente sentimos que estamos contribuyendo para que los habitantes de la regi\u00f3n, puedan aprender y entender sobre la energ\u00eda que los rodea, la energ\u00eda con la que viven&nbsp;y que a trav\u00e9s de&nbsp;GASCO Magallanes les entregamos. Estamos muy contentos de haber impactado a m\u00e1s de 3 mil estudiantes en estos tres a\u00f1os.\u201d<\/p>\n\n\n\n<p>La muestra interactiva ha sido visitada por estudiantes de establecimientos de ense\u00f1anza preescolar, b\u00e1sica y media, adem\u00e1s de agrupaciones de adulto mayor, instituciones cient\u00edficas y alumnos de centros de formaci\u00f3n t\u00e9cnica superior, quienes disfrutan con tem\u00e1ticas sobre las energ\u00edas, el gas, la transici\u00f3n energ\u00e9tica y los principales procesos involucrados en su producci\u00f3n y uso del gas.<\/p>\n\n\n\n<p>GascoEduca, durante estos tres a\u00f1os, tambi\u00e9n ha participado en diferentes ferias cient\u00edficas abiertas a la comunidad escolar y p\u00fablico general, como as\u00ed tambi\u00e9n en los d\u00edas del Patrimonio Regional y Nacional y actividades organizadas por la Municipalidad de Punta Arenas como Colonias de Verano y Colonias de Invierno, celebraci\u00f3n del D\u00eda de la Ni\u00f1ez, entre otras.<\/p>\n\n\n\n<p>Este Programa Educativo tambi\u00e9n cuenta con itinerancias, en las que se visitan colegios de comunas rurales y alejadas de la capital regional, tales como Torres de Paine, Puerto Natales, Villa Tehuelche y Puerto Williams.<\/p>\n\n\n\n<p>El coordinador del Programa en Magallanes, Claudio Villegas coment\u00f3 que a\u00fan se cuenta con disponibilidad para agendar visitas a partir de octubre, las que se pueden solicitar al correo&nbsp;<a href=\"mailto:gascoeducamagallanes@gasco.cl\" target=\"_blank\" rel=\"noreferrer noopener\">gascoeducamagallanes@gasco.cl<\/a>&nbsp;o al celular +569 33767996.&nbsp;<\/p>\n","protected":false},"excerpt":{"rendered":"<p>En la Sala de la energ\u00eda del museo Maggiorino Borgatello de Punta Arenas, se realiz\u00f3 una significativa ceremonia, el viernes 26 de agosto, con el prop\u00f3sito de conmemorar tres a\u00f1os&#8230; <a class=\"read-more\" href=\"https:\/\/www.radiopresidenteibanez.cl\/web\/con-mas-de-3-mil-visitas-gascoeduca-celebro-tres-anos-en-magallanes\/\">Leer m\u00e1s<\/a><\/p>\n","protected":false},"author":2,"featured_media":32402,"comment_status":"closed","ping_status":"closed","sticky":false,"template":"","format":"standard","meta":{"footnotes":""},"categories":[1],"tags":[],"class_list":["post-32401","post","type-post","status-publish","format-standard","has-post-thumbnail","hentry","category-cronica"],"_links":{"self":[{"href":"https:\/\/www.radiopresidenteibanez.cl\/web\/wp-json\/wp\/v2\/posts\/32401","targetHints":{"allow":["GET"]}}],"collection":[{"href":"https:\/\/www.radiopresidenteibanez.cl\/web\/wp-json\/wp\/v2\/posts"}],"about":[{"href":"https:\/\/www.radiopresidenteibanez.cl\/web\/wp-json\/wp\/v2\/types\/post"}],"author":[{"embeddable":true,"href":"https:\/\/www.radiopresidenteibanez.cl\/web\/wp-json\/wp\/v2\/users\/2"}],"replies":[{"embeddable":true,"href":"https:\/\/www.radiopresidenteibanez.cl\/web\/wp-json\/wp\/v2\/comments?post=32401"}],"version-history":[{"count":0,"href":"https:\/\/www.radiopresidenteibanez.cl\/web\/wp-json\/wp\/v2\/posts\/32401\/revisions"}],"wp:featuredmedia":[{"embeddable":true,"href":"https:\/\/www.radiopresidenteibanez.cl\/web\/wp-json\/wp\/v2\/media\/32402"}],"wp:attachment":[{"href":"https:\/\/www.radiopresidenteibanez.cl\/web\/wp-json\/wp\/v2\/media?parent=32401"}],"wp:term":[{"taxonomy":"category","embeddable":true,"href":"https:\/\/www.radiopresidenteibanez.cl\/web\/wp-json\/wp\/v2\/categories?post=32401"},{"taxonomy":"post_tag","embeddable":true,"href":"https:\/\/www.radiopresidenteibanez.cl\/web\/wp-json\/wp\/v2\/tags?post=32401"}],"curies":[{"name":"wp","href":"https:\/\/api.w.org\/{rel}","templated":true}]}}