{"id":32343,"date":"2022-08-29T12:03:19","date_gmt":"2022-08-29T15:03:19","guid":{"rendered":"https:\/\/www.radiopresidenteibanez.cl\/web\/?p=32343"},"modified":"2022-08-29T12:03:26","modified_gmt":"2022-08-29T15:03:26","slug":"la-constitucion-del-ano-2022-que-aprobaremos","status":"publish","type":"post","link":"https:\/\/www.radiopresidenteibanez.cl\/web\/la-constitucion-del-ano-2022-que-aprobaremos\/","title":{"rendered":"LA CONSTITUCION DEL A\u00d1O 2022 QUE APROBAREMOS"},"content":{"rendered":"\n<p>Estamos a una\nsemana del plebiscito de salida que se\u00f1al\u00f3 el proceso constitucional, a 7 d\u00edas\nen que dejemos atr\u00e1s la constituci\u00f3n de la dictadura y aprobemos una Nueva\nConstituci\u00f3n surgida desde lo m\u00e1s profundo de la soberan\u00eda popular. Una carta\nfundamental en que, por primera vez, las normas de convivencia entre chilenas y\nchilenos que contiene han sido propuestas por una Convenci\u00f3n leg\u00edtima en su\norigen, democr\u00e1tica en sus decisiones y representativa de la diversidad\npol\u00edtica, social y cultural del pa\u00eds. Solamente los cultores del autoritarismo,\nde la democracia protegida y defensores de los privilegios de los due\u00f1os del\npoder y la riqueza pueden sostener lo contrario.<\/p>\n\n\n\n<p>Cuando\nsepamos el pr\u00f3ximo domingo que por fin ser\u00e1 derogada la constituci\u00f3n de la\ndictadura, tambi\u00e9n los sectores populares que se dejaron enga\u00f1ar por una odiosa\ny millonaria campa\u00f1a de desinformaci\u00f3n, tergiversaci\u00f3n y mentiras, tendr\u00e1n para\ncelebrar junto a quienes valoramos los avances civilizatorios que alcanzaremos como\npa\u00eds a medida que entren en vigor las distintas disposiciones de nuestra Nueva\nConstituci\u00f3n. Porque \u00e9sta es <strong>la Constituci\u00f3n que facilita la unidad del\npueblo de Chile<\/strong>, logra el reconocimiento de la&nbsp; diversidad de las Naciones que siempre lo ha\ncompuesto y sus derechos colectivos, es decir, la unidad verdadera, sin\nexclusiones ni primac\u00edas, que nos iguala ante la ley, pero sobre todo ante la\nobligaci\u00f3n del estado de garantizarnos el ejercicio de derechos sociales. &nbsp;<\/p>\n\n\n\n<p>Esta Nueva\nConstituci\u00f3n desborda los l\u00edmites de las anteriores al dar respuesta a\ncuestiones que afectan a toda la humanidad y que derivan del af\u00e1n de nuestra\nespecie humana por concebirse fuera de la naturaleza, en conflicto con \u00e9sta y de\nseparar sus derechos de los de su h\u00e1bitat, dej\u00e1ndolo indefenso de la\ndepredaci\u00f3n humana. Por ello es que el reconocimiento de los derechos de la\nnaturaleza tiene el valor de obligarnos a actuar como pa\u00eds frente a la crisis clim\u00e1tica,\ntomando como base el concepto del buen vivir, propio de las primeras naciones, que\nfue posible por la participaci\u00f3n de sus representantes directos <\/p>\n\n\n\n<p>Cuando los\ndetractores de la Nueva Constituci\u00f3n manifiestan preocupaci\u00f3n por el costo\nfinanciero que implicar\u00e1 la provisi\u00f3n de derechos sociales, nos est\u00e1n diciendo\nque sus prioridades est\u00e1n en gastos que derivan de la ausencia de estos derechos\ngarantizados, que atienden a la conflictividad social y entre pa\u00edses y\nnaciones, a saber, la represi\u00f3n policial, el armamentismo y la guerra. Porque \u00e9sta\nes la forma que las \u00e9lites en el poder atienden las demandas sociales por\nbienestar, paz e igualdad, al mismo tiempo que protegen sus privilegios. <\/p>\n\n\n\n<p>A contrario\nde lo que sostienen para justificar la no aceptaci\u00f3n del texto constitucional,\nla propuesta de Nueva Constituci\u00f3n da certezas, protegiendo la propiedad de todos\nlos bienes personales, entregando condiciones para que el estado se ocupe de\nque los bienes sociales se distribuyan equitativamente en funci\u00f3n del progreso\ny el desarrollo humano, sin limitaci\u00f3n por el af\u00e1n de lucro, que se reserva\npara los fines propios de la industria, el comercio y los servicios que surja\nde la ilimitada iniciativa privada. <\/p>\n\n\n\n<p>Por estas\nrazones estamos convencidos que la Constituci\u00f3n del a\u00f1o 2022 ser\u00e1 la que dice\nen su primer art\u00edculo:<\/p>\n\n\n\n<p><strong>\u201cChile es un\nEstado social y democr\u00e1tico de derecho. Es plurinacional, regional y\necol\u00f3gico\u201d. &nbsp;&nbsp;&nbsp;<\/strong><\/p>\n","protected":false},"excerpt":{"rendered":"<p>Estamos a una semana del plebiscito de salida que se\u00f1al\u00f3 el proceso constitucional, a 7 d\u00edas en que dejemos atr\u00e1s la constituci\u00f3n de la dictadura y aprobemos una Nueva Constituci\u00f3n&#8230; <a class=\"read-more\" href=\"https:\/\/www.radiopresidenteibanez.cl\/web\/la-constitucion-del-ano-2022-que-aprobaremos\/\">Leer m\u00e1s<\/a><\/p>\n","protected":false},"author":2,"featured_media":32345,"comment_status":"closed","ping_status":"closed","sticky":false,"template":"","format":"standard","meta":{"footnotes":""},"categories":[1],"tags":[],"class_list":["post-32343","post","type-post","status-publish","format-standard","has-post-thumbnail","hentry","category-cronica"],"_links":{"self":[{"href":"https:\/\/www.radiopresidenteibanez.cl\/web\/wp-json\/wp\/v2\/posts\/32343","targetHints":{"allow":["GET"]}}],"collection":[{"href":"https:\/\/www.radiopresidenteibanez.cl\/web\/wp-json\/wp\/v2\/posts"}],"about":[{"href":"https:\/\/www.radiopresidenteibanez.cl\/web\/wp-json\/wp\/v2\/types\/post"}],"author":[{"embeddable":true,"href":"https:\/\/www.radiopresidenteibanez.cl\/web\/wp-json\/wp\/v2\/users\/2"}],"replies":[{"embeddable":true,"href":"https:\/\/www.radiopresidenteibanez.cl\/web\/wp-json\/wp\/v2\/comments?post=32343"}],"version-history":[{"count":0,"href":"https:\/\/www.radiopresidenteibanez.cl\/web\/wp-json\/wp\/v2\/posts\/32343\/revisions"}],"wp:featuredmedia":[{"embeddable":true,"href":"https:\/\/www.radiopresidenteibanez.cl\/web\/wp-json\/wp\/v2\/media\/32345"}],"wp:attachment":[{"href":"https:\/\/www.radiopresidenteibanez.cl\/web\/wp-json\/wp\/v2\/media?parent=32343"}],"wp:term":[{"taxonomy":"category","embeddable":true,"href":"https:\/\/www.radiopresidenteibanez.cl\/web\/wp-json\/wp\/v2\/categories?post=32343"},{"taxonomy":"post_tag","embeddable":true,"href":"https:\/\/www.radiopresidenteibanez.cl\/web\/wp-json\/wp\/v2\/tags?post=32343"}],"curies":[{"name":"wp","href":"https:\/\/api.w.org\/{rel}","templated":true}]}}