{"id":32331,"date":"2022-08-29T08:16:22","date_gmt":"2022-08-29T11:16:22","guid":{"rendered":"https:\/\/www.radiopresidenteibanez.cl\/web\/?p=32331"},"modified":"2022-08-29T08:16:29","modified_gmt":"2022-08-29T11:16:29","slug":"que-llegue-luego-el-4-de-septimbre","status":"publish","type":"post","link":"https:\/\/www.radiopresidenteibanez.cl\/web\/que-llegue-luego-el-4-de-septimbre\/","title":{"rendered":"QUE LLEGUE LUEGO EL 4 DE SEPTIMBRE"},"content":{"rendered":"\n<p>Esta semana vivimos sumidos, en una serie\nde hechos noticiosos, que no dejaron indiferente a nadie.&nbsp;&nbsp;&nbsp;&nbsp;&nbsp;&nbsp; Una semana que discurr\u00eda relativamente\nnormal, con el despliegue del gabinete ministerial en terreno, y la gira\npresidencial a la regi\u00f3n de Atacama, tuvo un fuerte vuelco. Se produce la\ndetenci\u00f3n por personal de la PDI, del l\u00edder de la CAM, H\u00e9ctor LLaitul, el d\u00eda\nmi\u00e9rcoles y su formalizaci\u00f3n el d\u00eda jueves. Se le imputan cinco delitos, por\ninfracci\u00f3n a ley de seguridad del estado, y delitos de robo de madera,\nusurpaci\u00f3n violenta y atentado a la autoridad. El ministerio p\u00fablico solicit\u00f3\nla prisi\u00f3n preventiva, la que fue concedida por el tribunal, disponi\u00e9ndose esta\nmedida por 30 d\u00edas, lapso fijado para la investigaci\u00f3n. Un hecho que la\noposici\u00f3n aprovech\u00f3, para acusar al gobierno de intentar sacar provecho\npol\u00edtico, con miras al plebiscito del 4 de septiembre. Se\u00f1alando que habr\u00eda\nsido el gobierno de Pi\u00f1era el que inici\u00f3 las querellas, aunque no logr\u00f3 avanzar\nen la acusaci\u00f3n penal. El mismo d\u00eda jueves, filtran a un medio digital af\u00edn a\nla derecha, una pieza de la investigaci\u00f3n llevada a cabo por la PDI, donde se\nconsigna un contacto telef\u00f3nico efectuado por una asesora de la Ministra de\ndesarrollo social, Jeanette Vega. De inmediato se produce una escalada de\ndeclaraciones de personeros de oposici\u00f3n, acusando al gobierno de contactos con\nLlaitul. Usando expresiones tales como, \u201ccontactos con el terrorismo\u201d, llegando\nalgunos a insinuar que estos contactos corresponder\u00edan, a una instrucci\u00f3n\npresidencial. El hecho es que tanto el ministerio p\u00fablico como la PDI, niegan\nhaber filtrado la pieza de la investigaci\u00f3n, pero con \u00e9l se tendi\u00f3 un manto de\nduda sobre toda la administraci\u00f3n. Pese a que el ministerio p\u00fablico, se\u00f1al\u00f3 que\nno ten\u00eda relaci\u00f3n con los delitos imputados. Ni tampoco exist\u00eda constancia de\nhaberse producido una comunicaci\u00f3n entre la ministra Vega y Llaitul, aparte de\nuna llamada telef\u00f3nica de una subalterna. Aun cuando no exist\u00edan vestigios de\nirregularidad o ilegalidad alguna, el presidente Boric, decidi\u00f3 hacer efectiva\nla responsabilidad pol\u00edtica de la ministra Vega, aceptando su renuncia al\ncargo. Pero eso no satisfizo a la oposici\u00f3n, la que hizo precisamente lo que\nacusaba al gobierno, hizo aprovechamiento pol\u00edtico de la detenci\u00f3n de Llaitul,\ny de un antecedente marginal, como fue la llamada telef\u00f3nica de una funcionaria\ndel Ministerio de Desarrollo Social. Esa llamada se produjo cuando no pesaba\nsobre Llaitul orden de aprehensi\u00f3n, ni formalizaci\u00f3n de cargos en su contra.\nCabe se\u00f1alar, que durante el gobierno del presidente Pi\u00f1era, tambi\u00e9n se\nprodujeron contactos con las org\u00e1nicas presentes en la Araucan\u00eda, pero al igual\nque en este caso, no se efectuaron reuniones. La posici\u00f3n del presidente Boric\nsobre esta materia ha sido muy enf\u00e1tica, poniendo como condici\u00f3n para\nconversar, el abandono de las acciones de violencia. Por lo que no s\u00f3lo el\nfondo de la acci\u00f3n de su gobierno debe cuidarse, sino tambi\u00e9n la forma. Eso es\nlo que argument\u00f3 al aceptar la renuncia de la ministra Vega.<\/p>\n\n\n\n<p>&nbsp;&nbsp;&nbsp;&nbsp;&nbsp;&nbsp;&nbsp;&nbsp;&nbsp;&nbsp;&nbsp;&nbsp;&nbsp;&nbsp;&nbsp; Aun\nas\u00ed, la semana, le trajo una buena noticia al gobierno. Sobre las sucesivas\ndenuncias de la oposici\u00f3n ante contralor\u00eda, sobre campa\u00f1a de informaci\u00f3n del\ngobierno con miras al plebiscito, la Contralor\u00eda, concluy\u00f3 que no existi\u00f3\nirregularidad alguna en su ejecuci\u00f3n. Esta determinaci\u00f3n respalda la campa\u00f1a,\nque ha incluido la impresi\u00f3n de ejemplares de la nueva constituci\u00f3n, para su\ndistribuci\u00f3n gratuita. Esta acci\u00f3n informativa, debe valorarse, sobre todo,\nconsiderando que existe un n\u00famero aproximado a los siete millones de persones\nque nunca antes han concurrido a las urnas. En efecto, las personas habilitadas\npara votar en el plebiscito, son 15.173.857 personas. Esta elecci\u00f3n ser\u00e1 con\nvoto obligatorio, y si en la elecci\u00f3n presidencial, la elecci\u00f3n m\u00e1s concurrida\nde nuestra historia, votaron poco m\u00e1s de ocho millones cuatrocientas mil\npersonas, tenemos casi siete millones que debieran concurrir a votar adicionalmente.\nQue lo hagan informados, teniendo la posibilidad de leer el contenido de la\npropuesta constituyente, es un requisito m\u00ednimo para ejercer un voto informado.\n<\/p>\n\n\n\n<p>Desafortunadamente,\nlo que m\u00e1s se difunde en redes sociales, y tambi\u00e9n en medios tradicionales, son\nlos aspectos negativos, las cosas chocantes. Y eso perjudica la participaci\u00f3n,\nno le conviene ni a los partidarios del apruebo ni a los del rechazo. Y con\nesto me refiero a los sucesos producidos en Valpara\u00edso. Ante un p\u00fablico\nfamiliar que participaba de actividades del apruebo, irrumpi\u00f3 un grupo de desquiciados,\nque realizaron una grotesca performance, que nada tiene que ver ni con el\nproceso constituyente, ni con demanda social alguna. La totalidad de los\npersoneros del Apruebo, los colectivos participantes, y los simpatizantes de\nesta opci\u00f3n, han expresado un repudio absoluto. Y ya se han efectuado las\ndenuncias correspondientes, para que se determine la responsabilidad de quienes\nejecutaron esa acci\u00f3n, que no s\u00f3lo ofende nuestros s\u00edmbolos patrios, sino\ntambi\u00e9n afecta seriamente a ni\u00f1os, ni\u00f1as y adolescentes. La defensora de la\nni\u00f1ez y tambi\u00e9n autoridades de gobierno, ejercer\u00e1n acciones judiciales con el\nmismo prop\u00f3sito. Lamentablemente, y cuando no se terminaba de lamentar y de\nrechazar lo ocurrido en Valpara\u00edso, ocurre en Santiago, un incidente grav\u00edsimo\nque involucra a partidarios de la opci\u00f3n rechazo. Me refiero a la persecuci\u00f3n a\nciclistas del apruebo, por parte de jinetes a caballo. Una acci\u00f3n que evoca,\nlos \u201cpalomeos de rotos\u201d, propios de la primera mitad del siglo XX. A golpes de\nhuasca, y echando el caballo encima, as\u00ed se produjo lesiones a varias personas.\nOtras fueron arrolladas por un carret\u00f3n tambi\u00e9n tirado por caballos. Una total\nlocura. Si resulta injustificable la acci\u00f3n grotesca, que violenta la moral en\nValpara\u00edso, esto otro ocurrido en Santiago, es igual o peor, recurrir a la\nagresi\u00f3n f\u00edsica, a golpear o lastimar al adversario, nos trae a la memoria,\nhorrores que nadie en Chile quiere volver a vivir.<\/p>\n\n\n\n<p>Siempre lo he\ndicho, y lo repito, creo en las personas, creo que el com\u00fan de la gente act\u00faa\nde buena fe, y es capaz de aceptar el disenso, el no estar de acuerdo. Creo que\nla inmensa mayor\u00eda de los chilenos y chilenas, tenemos un profundo amor a la\npatria, y a nuestros s\u00edmbolos patrios. Nada ni nadie har\u00e1 cambiar eso, y todos\npor igual repudiamos que se mancille a nuestra bandera, misma que han defendido\nhombres y mujeres heroicas a lo largo de nuestra historia. Tambi\u00e9n creo, que la\ninmensa mayor\u00eda de nosotros y nosotras, repudiamos la violencia, que no\nser\u00edamos capaces de lastimar o herir intencionadamente a quienes piensan\ndistinto. Eso amigos y amigas, es lo que tenemos que defender en estos d\u00edas que\nquedan hasta el plebiscito. He sido participe y testigo en Magallanes, de una\ncampa\u00f1a limpia, llena de momentos de fraternidad, de amistad c\u00edvica, de alegr\u00eda\nsana. Ese es el Chile que todos y todas queremos, con respeto, con\nautenticidad, con coraje.<\/p>\n\n\n\n<p>Ernesto Sep\u00falveda Tornero<\/p>\n","protected":false},"excerpt":{"rendered":"<p>Esta semana vivimos sumidos, en una serie de hechos noticiosos, que no dejaron indiferente a nadie.&nbsp;&nbsp;&nbsp;&nbsp;&nbsp;&nbsp; Una semana que discurr\u00eda relativamente normal, con el despliegue del gabinete ministerial en terreno,&#8230; <a class=\"read-more\" href=\"https:\/\/www.radiopresidenteibanez.cl\/web\/que-llegue-luego-el-4-de-septimbre\/\">Leer m\u00e1s<\/a><\/p>\n","protected":false},"author":2,"featured_media":32332,"comment_status":"closed","ping_status":"closed","sticky":false,"template":"","format":"standard","meta":{"footnotes":""},"categories":[1],"tags":[],"class_list":["post-32331","post","type-post","status-publish","format-standard","has-post-thumbnail","hentry","category-cronica"],"_links":{"self":[{"href":"https:\/\/www.radiopresidenteibanez.cl\/web\/wp-json\/wp\/v2\/posts\/32331","targetHints":{"allow":["GET"]}}],"collection":[{"href":"https:\/\/www.radiopresidenteibanez.cl\/web\/wp-json\/wp\/v2\/posts"}],"about":[{"href":"https:\/\/www.radiopresidenteibanez.cl\/web\/wp-json\/wp\/v2\/types\/post"}],"author":[{"embeddable":true,"href":"https:\/\/www.radiopresidenteibanez.cl\/web\/wp-json\/wp\/v2\/users\/2"}],"replies":[{"embeddable":true,"href":"https:\/\/www.radiopresidenteibanez.cl\/web\/wp-json\/wp\/v2\/comments?post=32331"}],"version-history":[{"count":0,"href":"https:\/\/www.radiopresidenteibanez.cl\/web\/wp-json\/wp\/v2\/posts\/32331\/revisions"}],"wp:featuredmedia":[{"embeddable":true,"href":"https:\/\/www.radiopresidenteibanez.cl\/web\/wp-json\/wp\/v2\/media\/32332"}],"wp:attachment":[{"href":"https:\/\/www.radiopresidenteibanez.cl\/web\/wp-json\/wp\/v2\/media?parent=32331"}],"wp:term":[{"taxonomy":"category","embeddable":true,"href":"https:\/\/www.radiopresidenteibanez.cl\/web\/wp-json\/wp\/v2\/categories?post=32331"},{"taxonomy":"post_tag","embeddable":true,"href":"https:\/\/www.radiopresidenteibanez.cl\/web\/wp-json\/wp\/v2\/tags?post=32331"}],"curies":[{"name":"wp","href":"https:\/\/api.w.org\/{rel}","templated":true}]}}