{"id":3232,"date":"2019-04-10T15:25:31","date_gmt":"2019-04-10T15:25:31","guid":{"rendered":"http:\/\/www.radiopresidenteibanez.cl\/web\/?p=3232"},"modified":"2019-04-10T15:25:35","modified_gmt":"2019-04-10T15:25:35","slug":"ministerio-de-educacion-corregira-error-fiscalizado-por-diputado-boric-que-situaba-a-puerto-natales-en-la-region-de-aysen","status":"publish","type":"post","link":"https:\/\/www.radiopresidenteibanez.cl\/web\/ministerio-de-educacion-corregira-error-fiscalizado-por-diputado-boric-que-situaba-a-puerto-natales-en-la-region-de-aysen\/","title":{"rendered":"MINISTERIO DE EDUCACI\u00d3N CORREGIR\u00c1 ERROR FISCALIZADO POR DIPUTADO BORIC QUE SITUABA A PUERTO NATALES EN LA REGI\u00d3N DE AYS\u00c9N"},"content":{"rendered":"\n<p>\n\nA principios de marzo de este a\u00f1o, el diputado por la Regi\u00f3n de Magallanes, Gabriel Boric, denunci\u00f3 un grave error en el texto escolar de Historia y Geograf\u00eda de segundo b\u00e1sico, perteneciente a la editorial Santillana, en la que se afirmaba que la ciudad de Puerto Natales correspond\u00eda geogr\u00e1ficamente a la Regi\u00f3n de Ays\u00e9n del General Carlos Ib\u00e1\u00f1ez del Campo.&nbsp;<\/p>\n\n\n\n<p>El diputado Boric hizo p\u00fablico este hecho a trav\u00e9s de su cuenta de Twitter, adem\u00e1s de hacer uso de su rol fiscalizador, enviando un oficio al Ministerio de Educaci\u00f3n que ped\u00eda la correcci\u00f3n del error que aparec\u00eda en el libro escolar de distribuci\u00f3n gratuita.&nbsp;<\/p>\n\n\n\n<p>Hoy a trav\u00e9s de la Subsecretar\u00eda de Educaci\u00f3n, el ministerio envi\u00f3 una respuesta al diputado magall\u00e1nico. Al respecto, Gabriel Boric coment\u00f3 que \u201cen nuestra labor de fiscalizaci\u00f3n oficiamos al ministerio de Educaci\u00f3n, quienes nos acaban de responder que se realizar\u00e1 una fe de erratas con todos los libros que se hayan distribuido, y por cierto, con los que se distribuir\u00e1n, para que quede claro que la Regi\u00f3n de Ays\u00e9n no tiene una ciudad que se llama Puerto Natales y que Puerto Natales forma parte de la Regi\u00f3n de Magallanes\u201d, aclar\u00f3.<\/p>\n\n\n\n<p>Por lo pronto, la editorial Santillana es responsable de corregir el error de la p\u00e1gina 95 del texto escolar que actualmente tienen en su poder los estudiantes de segundo b\u00e1sico del pa\u00eds.&nbsp;<\/p>\n\n\n\n<p>Al finalizar, el parlamentario agreg\u00f3 que \u201ctenemos que defender nuestra identidad y nuestra regi\u00f3n en todos los \u00e1mbitos, y por cierto, en la educaci\u00f3n de todos los escolares a lo largo de todo Chile\u201d, puntualiz\u00f3. <\/p>\n\n\n\n<figure class=\"wp-block-image\"><img loading=\"lazy\" decoding=\"async\" width=\"960\" height=\"593\" src=\"http:\/\/www.radiopresidenteibanez.cl\/web\/wp-content\/uploads\/2019\/04\/unnamed-1.jpg\" alt=\"\" class=\"wp-image-3233\" srcset=\"https:\/\/www.radiopresidenteibanez.cl\/web\/wp-content\/uploads\/2019\/04\/unnamed-1.jpg 960w, https:\/\/www.radiopresidenteibanez.cl\/web\/wp-content\/uploads\/2019\/04\/unnamed-1-300x185.jpg 300w, https:\/\/www.radiopresidenteibanez.cl\/web\/wp-content\/uploads\/2019\/04\/unnamed-1-768x474.jpg 768w\" sizes=\"auto, (max-width: 960px) 100vw, 960px\" \/><\/figure>\n","protected":false},"excerpt":{"rendered":"<p>A principios de marzo de este a\u00f1o, el diputado por la Regi\u00f3n de Magallanes, Gabriel Boric, denunci\u00f3 un grave error en el texto escolar de Historia y Geograf\u00eda de segundo&#8230; <a class=\"read-more\" href=\"https:\/\/www.radiopresidenteibanez.cl\/web\/ministerio-de-educacion-corregira-error-fiscalizado-por-diputado-boric-que-situaba-a-puerto-natales-en-la-region-de-aysen\/\">Leer m\u00e1s<\/a><\/p>\n","protected":false},"author":2,"featured_media":3233,"comment_status":"closed","ping_status":"closed","sticky":false,"template":"","format":"standard","meta":{"footnotes":""},"categories":[1],"tags":[],"class_list":["post-3232","post","type-post","status-publish","format-standard","has-post-thumbnail","hentry","category-cronica"],"_links":{"self":[{"href":"https:\/\/www.radiopresidenteibanez.cl\/web\/wp-json\/wp\/v2\/posts\/3232","targetHints":{"allow":["GET"]}}],"collection":[{"href":"https:\/\/www.radiopresidenteibanez.cl\/web\/wp-json\/wp\/v2\/posts"}],"about":[{"href":"https:\/\/www.radiopresidenteibanez.cl\/web\/wp-json\/wp\/v2\/types\/post"}],"author":[{"embeddable":true,"href":"https:\/\/www.radiopresidenteibanez.cl\/web\/wp-json\/wp\/v2\/users\/2"}],"replies":[{"embeddable":true,"href":"https:\/\/www.radiopresidenteibanez.cl\/web\/wp-json\/wp\/v2\/comments?post=3232"}],"version-history":[{"count":0,"href":"https:\/\/www.radiopresidenteibanez.cl\/web\/wp-json\/wp\/v2\/posts\/3232\/revisions"}],"wp:featuredmedia":[{"embeddable":true,"href":"https:\/\/www.radiopresidenteibanez.cl\/web\/wp-json\/wp\/v2\/media\/3233"}],"wp:attachment":[{"href":"https:\/\/www.radiopresidenteibanez.cl\/web\/wp-json\/wp\/v2\/media?parent=3232"}],"wp:term":[{"taxonomy":"category","embeddable":true,"href":"https:\/\/www.radiopresidenteibanez.cl\/web\/wp-json\/wp\/v2\/categories?post=3232"},{"taxonomy":"post_tag","embeddable":true,"href":"https:\/\/www.radiopresidenteibanez.cl\/web\/wp-json\/wp\/v2\/tags?post=3232"}],"curies":[{"name":"wp","href":"https:\/\/api.w.org\/{rel}","templated":true}]}}