{"id":32308,"date":"2022-08-27T17:36:03","date_gmt":"2022-08-27T20:36:03","guid":{"rendered":"https:\/\/www.radiopresidenteibanez.cl\/web\/?p=32308"},"modified":"2022-08-26T23:15:31","modified_gmt":"2022-08-27T02:15:31","slug":"se-acaba-el-plazo-hasta-el-30-de-agosto-se-puede-revalidar-la-tarjeta-nacional-estudiantil","status":"publish","type":"post","link":"https:\/\/www.radiopresidenteibanez.cl\/web\/se-acaba-el-plazo-hasta-el-30-de-agosto-se-puede-revalidar-la-tarjeta-nacional-estudiantil\/","title":{"rendered":"\u00a1Se acaba el plazo! Hasta el 30 de agosto se puede revalidar la Tarjeta Nacional Estudiantil"},"content":{"rendered":"\n<p>El pr\u00f3ximo martes 30 de agosto expira el plazo para efectuar la revalidaci\u00f3n de la Tarjeta Nacional Estudiantil (TNE) y mantener el beneficio que permite acceder durante todo el a\u00f1o a tarifas reducidas en los medios de transporte asociados a Red de Movilidad en el caso de la capital, y a los buses de transporte urbano en regiones.   <\/p>\n\n\n\n<p>A la fecha, a\u00fan hay estudiantes de ense\u00f1anza b\u00e1sica, media y educaci\u00f3n superior que no han realizado el tr\u00e1mite. Por este motivo, la directora nacional de Junaeb, Camila Rubio Araya, realiz\u00f3 un llamado urgente: \u201cA partir de la pr\u00f3xima semana, todos los alumnos que utilicen el transporte p\u00fablico deber\u00e1n contar con su TNE revalidada, por lo que es fundamental que no olviden realizar este simple proceso, el cual les permitir\u00e1 mantener este beneficio que entrega el Estado y que sabemos es un apoyo relevante para las familias\u201d, sostuvo.<\/p>\n\n\n\n<p>Las y los estudiantes magall\u00e1nicos que se encuentran con este tr\u00e1mite pendiente deben acercarse a pegar el sello 2022 al m\u00f3dulo de atenci\u00f3n TNE, ubicado en Croacia N\u00b0569, Punta Arenas, de lunes a viernes, de 9.00 a 14.00 hrs. y de 15.00 a 17.00 hrs. <\/p>\n\n\n\n<p>La revalidaci\u00f3n es un tr\u00e1mite anual que debe ser realizado por todas y todos los estudiantes que ya tienen su tarjeta y no cursan un nuevo tramo de ense\u00f1anza; es decir, quienes no requieren un nuevo pl\u00e1stico por haber ingresado por primera vez a la educaci\u00f3n superior o haber pasado a quinto b\u00e1sico o primero medio.  <\/p>\n\n\n\n<p>Toda la informaci\u00f3n sobre este proceso se encuentra disponible en www.tne.cl.   <\/p>\n","protected":false},"excerpt":{"rendered":"<p>El pr\u00f3ximo martes 30 de agosto expira el plazo para efectuar la revalidaci\u00f3n de la Tarjeta Nacional Estudiantil (TNE) y mantener el beneficio que permite acceder durante todo el a\u00f1o&#8230; <a class=\"read-more\" href=\"https:\/\/www.radiopresidenteibanez.cl\/web\/se-acaba-el-plazo-hasta-el-30-de-agosto-se-puede-revalidar-la-tarjeta-nacional-estudiantil\/\">Leer m\u00e1s<\/a><\/p>\n","protected":false},"author":2,"featured_media":32309,"comment_status":"closed","ping_status":"closed","sticky":false,"template":"","format":"standard","meta":{"footnotes":""},"categories":[1],"tags":[],"class_list":["post-32308","post","type-post","status-publish","format-standard","has-post-thumbnail","hentry","category-cronica"],"_links":{"self":[{"href":"https:\/\/www.radiopresidenteibanez.cl\/web\/wp-json\/wp\/v2\/posts\/32308","targetHints":{"allow":["GET"]}}],"collection":[{"href":"https:\/\/www.radiopresidenteibanez.cl\/web\/wp-json\/wp\/v2\/posts"}],"about":[{"href":"https:\/\/www.radiopresidenteibanez.cl\/web\/wp-json\/wp\/v2\/types\/post"}],"author":[{"embeddable":true,"href":"https:\/\/www.radiopresidenteibanez.cl\/web\/wp-json\/wp\/v2\/users\/2"}],"replies":[{"embeddable":true,"href":"https:\/\/www.radiopresidenteibanez.cl\/web\/wp-json\/wp\/v2\/comments?post=32308"}],"version-history":[{"count":0,"href":"https:\/\/www.radiopresidenteibanez.cl\/web\/wp-json\/wp\/v2\/posts\/32308\/revisions"}],"wp:featuredmedia":[{"embeddable":true,"href":"https:\/\/www.radiopresidenteibanez.cl\/web\/wp-json\/wp\/v2\/media\/32309"}],"wp:attachment":[{"href":"https:\/\/www.radiopresidenteibanez.cl\/web\/wp-json\/wp\/v2\/media?parent=32308"}],"wp:term":[{"taxonomy":"category","embeddable":true,"href":"https:\/\/www.radiopresidenteibanez.cl\/web\/wp-json\/wp\/v2\/categories?post=32308"},{"taxonomy":"post_tag","embeddable":true,"href":"https:\/\/www.radiopresidenteibanez.cl\/web\/wp-json\/wp\/v2\/tags?post=32308"}],"curies":[{"name":"wp","href":"https:\/\/api.w.org\/{rel}","templated":true}]}}