{"id":3229,"date":"2019-04-10T15:18:38","date_gmt":"2019-04-10T15:18:38","guid":{"rendered":"http:\/\/www.radiopresidenteibanez.cl\/web\/?p=3229"},"modified":"2019-04-10T15:19:07","modified_gmt":"2019-04-10T15:19:07","slug":"a-traves-de-un-proyecto-fril-el-municipio-de-porvenir-ejecuta-reposicion-de-muro-donde-existia-exposiciones-fotograficas","status":"publish","type":"post","link":"https:\/\/www.radiopresidenteibanez.cl\/web\/a-traves-de-un-proyecto-fril-el-municipio-de-porvenir-ejecuta-reposicion-de-muro-donde-existia-exposiciones-fotograficas\/","title":{"rendered":"A TRAV\u00c9S DE UN PROYECTO FRIL EL MUNICIPIO DE PORVENIR EJECUTA REPOSICI\u00d3N DE MURO DONDE EXIST\u00cdA EXPOSICIONES FOTOGR\u00c1FICAS"},"content":{"rendered":"\n<p>En este periodo la\nmunicipalidad de Porvenir, se encuentra ejecutando varios proyectos Fril en la\ncomuna, y uno de estos proyectos dice relaci\u00f3n con la reposici\u00f3n del muro que\nse encuentra en la parte posterior del museo municipal, el que fue afectado en\nel incendio del gimnasio Zavattaro el a\u00f1o 2015.<\/p>\n\n\n\n<p>En ese muro exist\u00edan exposiciones\nfotogr\u00e1ficas con la tem\u00e1tica del pueblo Selknam, por esta raz\u00f3n el municipio\nfueguino pretende restaurarlo y ya se est\u00e1 trabajando en su reposici\u00f3n, m\u00e1s\nadelante se buscar\u00e1 la formula de restaurar y reconstruir las esculturas que\nestaban en el lugar y que fueron da\u00f1adas por el fuego.<\/p>\n\n\n\n<p>La alcaldesa de la comuna,\nMarisol Andrade C\u00e1rdenas, indic\u00f3 \u201cque este proyecto Fril, permitir\u00e1 la\nreconstrucci\u00f3n y restauraci\u00f3n de la exposici\u00f3n fotogr\u00e1fica que se encuentra\nubicada en el patio del museo, la que era muy visitada no tan solo por los\nhabitantes de Porvenir si no que por los turistas que llegan a la ciudad\u201d<\/p>\n\n\n\n<p>Adem\u00e1s de esto, se trabajar\u00e1 en restaurar el mural con fotograf\u00edas que se encuentra ubicado en la plaza Arturo Prat. De esta manera se va a recuperar la muestra fotograf\u00eda para la comunidad y los visitantes que llegan a nuestra comuna y as\u00ed puedan a trav\u00e9s de la fotograf\u00eda conocer parte de la historia de las personas que habitaron en la capital de Tierra del Fuego.<\/p>\n\n\n\n<figure class=\"wp-block-image\"><img loading=\"lazy\" decoding=\"async\" width=\"1024\" height=\"768\" src=\"https:\/\/www.radiopresidenteibanez.cl\/web\/wp-content\/uploads\/2019\/04\/Muro-1-1024x768.jpg\" alt=\"\" class=\"wp-image-3230\" srcset=\"https:\/\/www.radiopresidenteibanez.cl\/web\/wp-content\/uploads\/2019\/04\/Muro-1-1024x768.jpg 1024w, https:\/\/www.radiopresidenteibanez.cl\/web\/wp-content\/uploads\/2019\/04\/Muro-1-300x225.jpg 300w, https:\/\/www.radiopresidenteibanez.cl\/web\/wp-content\/uploads\/2019\/04\/Muro-1-768x576.jpg 768w, https:\/\/www.radiopresidenteibanez.cl\/web\/wp-content\/uploads\/2019\/04\/Muro-1.jpg 1280w\" sizes=\"auto, (max-width: 1024px) 100vw, 1024px\" \/><\/figure>\n","protected":false},"excerpt":{"rendered":"<p>En este periodo la municipalidad de Porvenir, se encuentra ejecutando varios proyectos Fril en la comuna, y uno de estos proyectos dice relaci\u00f3n con la reposici\u00f3n del muro que se&#8230; <a class=\"read-more\" href=\"https:\/\/www.radiopresidenteibanez.cl\/web\/a-traves-de-un-proyecto-fril-el-municipio-de-porvenir-ejecuta-reposicion-de-muro-donde-existia-exposiciones-fotograficas\/\">Leer m\u00e1s<\/a><\/p>\n","protected":false},"author":2,"featured_media":3230,"comment_status":"closed","ping_status":"closed","sticky":false,"template":"","format":"standard","meta":{"footnotes":""},"categories":[1],"tags":[],"class_list":["post-3229","post","type-post","status-publish","format-standard","has-post-thumbnail","hentry","category-cronica"],"_links":{"self":[{"href":"https:\/\/www.radiopresidenteibanez.cl\/web\/wp-json\/wp\/v2\/posts\/3229","targetHints":{"allow":["GET"]}}],"collection":[{"href":"https:\/\/www.radiopresidenteibanez.cl\/web\/wp-json\/wp\/v2\/posts"}],"about":[{"href":"https:\/\/www.radiopresidenteibanez.cl\/web\/wp-json\/wp\/v2\/types\/post"}],"author":[{"embeddable":true,"href":"https:\/\/www.radiopresidenteibanez.cl\/web\/wp-json\/wp\/v2\/users\/2"}],"replies":[{"embeddable":true,"href":"https:\/\/www.radiopresidenteibanez.cl\/web\/wp-json\/wp\/v2\/comments?post=3229"}],"version-history":[{"count":0,"href":"https:\/\/www.radiopresidenteibanez.cl\/web\/wp-json\/wp\/v2\/posts\/3229\/revisions"}],"wp:featuredmedia":[{"embeddable":true,"href":"https:\/\/www.radiopresidenteibanez.cl\/web\/wp-json\/wp\/v2\/media\/3230"}],"wp:attachment":[{"href":"https:\/\/www.radiopresidenteibanez.cl\/web\/wp-json\/wp\/v2\/media?parent=3229"}],"wp:term":[{"taxonomy":"category","embeddable":true,"href":"https:\/\/www.radiopresidenteibanez.cl\/web\/wp-json\/wp\/v2\/categories?post=3229"},{"taxonomy":"post_tag","embeddable":true,"href":"https:\/\/www.radiopresidenteibanez.cl\/web\/wp-json\/wp\/v2\/tags?post=3229"}],"curies":[{"name":"wp","href":"https:\/\/api.w.org\/{rel}","templated":true}]}}