{"id":3226,"date":"2019-04-10T15:13:48","date_gmt":"2019-04-10T15:13:48","guid":{"rendered":"http:\/\/www.radiopresidenteibanez.cl\/web\/?p=3226"},"modified":"2019-04-10T15:14:37","modified_gmt":"2019-04-10T15:14:37","slug":"core-aprobo-1-127-millones-para-capacitacion-y-apoyo-a-mujeres-en-magallanes","status":"publish","type":"post","link":"https:\/\/www.radiopresidenteibanez.cl\/web\/core-aprobo-1-127-millones-para-capacitacion-y-apoyo-a-mujeres-en-magallanes\/","title":{"rendered":"CORE APROB\u00d3 $1.127 MILLONES PARA CAPACITACI\u00d3N Y APOYO A MUJERES EN MAGALLANES"},"content":{"rendered":"\n<p>Por unanimidad el Consejo\nRegional de Magallanes y de la Ant\u00e1rtica Chilena aprob\u00f3 este lunes 1.127\nmillones 577 mil pesos para el proyecto \u201cCapacitaci\u00f3n y apoyo a Mujeres para el\nFortalecimiento de la autonom\u00eda econ\u00f3mica en Magallanes\u201d. <\/p>\n\n\n\n<p>La iniciativa\nbusca favorecer alrededor de novecientas mujeres a nivel regional, cien de\nellas a trav\u00e9s de Capital Semilla, seiscientos cincuenta ser\u00e1n parte de cursos\nde capacitaci\u00f3n en oficios, noventa participar\u00e1n en seminarios y ferias y\ncincuenta en una &nbsp;gira t\u00e9cnica. &nbsp;&nbsp;<\/p>\n\n\n\n<p>Seg\u00fan\ncoment\u00f3 la secretaria regional ministerial de la Mujer&nbsp; y Equidad de G\u00e9nero, Patricia Mackenney, antes\nde definir las \u00e1reas de capacitaci\u00f3n se efectuar\u00e1 una b\u00fasqueda de las\nnecesidades reales en cada comuna, considerando localidades como Puerto Toro y\nPuerto Ed\u00e9n. \u201cLos recursos ser\u00e1n destinados principalmente a aquellas mujeres\nque no pueden salir de sus hogares para trabajar, adultos mayores y personas\ncon alguna discapacidad. Quiero destacar que tambi\u00e9n se realizar\u00e1n\ncapacitaciones para mujeres privadas de libertad y vamos a insistir en lo que\nes capacitaci\u00f3n para chofer clase A clase B\u201d, afirm\u00f3 la seremi. <\/p>\n\n\n\n<p>El presidente\nde la comisi\u00f3n Presupuesto, Ram\u00f3n Lobos, valor\u00f3 el respaldo del CORE a este\nproyecto que permite dar continuidad a un trabajo que se viene realizando hace\nbastante tiempo \u201cel objetivo es que mujeres logren acceder a procesos\nproductivos, independiente de la edad y considerando todas las&nbsp; provincias. Muchos de las ideas de negocio\nson de las mujeres y sus propias familias y en el desarrollo se requiere de experiencia\npor ello se efectuar\u00e1 un proceso de acompa\u00f1amiento a fin de crear capacidades\nque les permitan lograr autonom\u00eda econ\u00f3mica\u201d, detall\u00f3. <\/p>\n\n\n\n<p>En\notro tema, en la oportunidad fue rechazado el financiamiento del proyecto\n\u201cCapacitaci\u00f3n habilidades musicales a infantes, ni\u00f1os y j\u00f3venes de Natales\u201d,\nseg\u00fan inform\u00f3 el presidente de la comisi\u00f3n Social, Andr\u00e9s L\u00f3pez, \u201cesta decisi\u00f3n\nse debe a que la iniciativa no lleg\u00f3 a la mesa del Consejo Regional con los\najustes que corresponde toda vez que la Corporaci\u00f3n Municipal de Puerto Natales\nrealiz\u00f3 un aporte de 93 millones de pesos con lo cual el monto solicitado al\nGobierno Regional que sobrepasaba los 500 millones deber\u00eda ajustarse\u201d. <\/p>\n\n\n\n<p>\u201cEs necesario seguir consensuando el tema, se trata de un proyecto que hoy no es f\u00e1cil de aprobar ya que creemos necesario revisar las prioridades de la regi\u00f3n y estamos a la espera de que el Intendente de a conocer la cartera de proyectos que se ejecutar\u00e1n a fin lograr una distribuci\u00f3n equitativa de los recursos en beneficio de todas las provincias\u201d, concluy\u00f3 el consejero L\u00f3pez. <\/p>\n\n\n\n<figure class=\"wp-block-image\"><img loading=\"lazy\" decoding=\"async\" width=\"900\" height=\"600\" src=\"https:\/\/www.radiopresidenteibanez.cl\/web\/wp-content\/uploads\/2019\/04\/IMG_7652.jpg\" alt=\"\" class=\"wp-image-3227\" srcset=\"https:\/\/www.radiopresidenteibanez.cl\/web\/wp-content\/uploads\/2019\/04\/IMG_7652.jpg 900w, https:\/\/www.radiopresidenteibanez.cl\/web\/wp-content\/uploads\/2019\/04\/IMG_7652-300x200.jpg 300w, https:\/\/www.radiopresidenteibanez.cl\/web\/wp-content\/uploads\/2019\/04\/IMG_7652-768x512.jpg 768w\" sizes=\"auto, (max-width: 900px) 100vw, 900px\" \/><\/figure>\n","protected":false},"excerpt":{"rendered":"<p>Por unanimidad el Consejo Regional de Magallanes y de la Ant\u00e1rtica Chilena aprob\u00f3 este lunes 1.127 millones 577 mil pesos para el proyecto \u201cCapacitaci\u00f3n y apoyo a Mujeres para el&#8230; <a class=\"read-more\" href=\"https:\/\/www.radiopresidenteibanez.cl\/web\/core-aprobo-1-127-millones-para-capacitacion-y-apoyo-a-mujeres-en-magallanes\/\">Leer m\u00e1s<\/a><\/p>\n","protected":false},"author":2,"featured_media":3227,"comment_status":"closed","ping_status":"closed","sticky":false,"template":"","format":"standard","meta":{"footnotes":""},"categories":[1],"tags":[],"class_list":["post-3226","post","type-post","status-publish","format-standard","has-post-thumbnail","hentry","category-cronica"],"_links":{"self":[{"href":"https:\/\/www.radiopresidenteibanez.cl\/web\/wp-json\/wp\/v2\/posts\/3226","targetHints":{"allow":["GET"]}}],"collection":[{"href":"https:\/\/www.radiopresidenteibanez.cl\/web\/wp-json\/wp\/v2\/posts"}],"about":[{"href":"https:\/\/www.radiopresidenteibanez.cl\/web\/wp-json\/wp\/v2\/types\/post"}],"author":[{"embeddable":true,"href":"https:\/\/www.radiopresidenteibanez.cl\/web\/wp-json\/wp\/v2\/users\/2"}],"replies":[{"embeddable":true,"href":"https:\/\/www.radiopresidenteibanez.cl\/web\/wp-json\/wp\/v2\/comments?post=3226"}],"version-history":[{"count":0,"href":"https:\/\/www.radiopresidenteibanez.cl\/web\/wp-json\/wp\/v2\/posts\/3226\/revisions"}],"wp:featuredmedia":[{"embeddable":true,"href":"https:\/\/www.radiopresidenteibanez.cl\/web\/wp-json\/wp\/v2\/media\/3227"}],"wp:attachment":[{"href":"https:\/\/www.radiopresidenteibanez.cl\/web\/wp-json\/wp\/v2\/media?parent=3226"}],"wp:term":[{"taxonomy":"category","embeddable":true,"href":"https:\/\/www.radiopresidenteibanez.cl\/web\/wp-json\/wp\/v2\/categories?post=3226"},{"taxonomy":"post_tag","embeddable":true,"href":"https:\/\/www.radiopresidenteibanez.cl\/web\/wp-json\/wp\/v2\/tags?post=3226"}],"curies":[{"name":"wp","href":"https:\/\/api.w.org\/{rel}","templated":true}]}}