{"id":3223,"date":"2019-04-10T15:07:21","date_gmt":"2019-04-10T15:07:21","guid":{"rendered":"http:\/\/www.radiopresidenteibanez.cl\/web\/?p=3223"},"modified":"2019-04-10T15:08:00","modified_gmt":"2019-04-10T15:08:00","slug":"cartelera-cultural-continua-con-concierto-de-pianista-camilo-salinas","status":"publish","type":"post","link":"https:\/\/www.radiopresidenteibanez.cl\/web\/cartelera-cultural-continua-con-concierto-de-pianista-camilo-salinas\/","title":{"rendered":"CARTELERA CULTURAL CONTIN\u00daA CON CONCIERTO DE PIANISTA CAMILO SALINAS"},"content":{"rendered":"\n<p>El destacado compositor musical, Camilo Salinas, ofrecer\u00e1 un\nconcierto especial en Punta Arenas, en el marco de la Cartelera Cultural que\nlleva adelante la Municipalidad de Punta Arenas, a trav\u00e9s de la Direcci\u00f3n de\nDesarrollo Comunitario. <\/p>\n\n\n\n<p>Camilo Salinas presentar\u00e1 los temas que integran su primer\ndisco, en el cual se resume una vida musical que parti\u00f3 con la musicalizaci\u00f3n\ndel conocido tema \u201c\u00bfQui\u00e9n mat\u00f3 a Gaete\u201d, una creaci\u00f3n del cantautor Mauricio\nRedol\u00e9s, y que continu\u00f3 con la de la creaci\u00f3n televisiva \u201c31 Minutos\u201d y con la\nmusicalizaci\u00f3n de la serie \u201cLos 80\u201d?<\/p>\n\n\n\n<p>Entre esos temas, figuran \u201cLa Luz al agua\u201d; \u201cNovecento\u201d; \u201cMe\nrobaste el coraz\u00f3n\u201d y \u201cMuna\u201d.<\/p>\n\n\n\n<p>La presentaci\u00f3n est\u00e1 fijada para este viernes (12 de abril), a las 19 horas, en el audit\u00f3rium del Centro Cultural (Avenida 21 de Mayo 2421), y las invitaciones pueden retirarse el mi\u00e9rcoles y jueves (10 y 11 de abril), entre 15 y 19 horas, en las boleter\u00edas del Teatro Municipal y del Supermercado Unimarc Sur.<\/p>\n\n\n\n<figure class=\"wp-block-image\"><img loading=\"lazy\" decoding=\"async\" width=\"960\" height=\"640\" src=\"https:\/\/www.radiopresidenteibanez.cl\/web\/wp-content\/uploads\/2019\/04\/25507640_1278981502247607_8532793047813542543_n.jpg\" alt=\"\" class=\"wp-image-3224\" srcset=\"https:\/\/www.radiopresidenteibanez.cl\/web\/wp-content\/uploads\/2019\/04\/25507640_1278981502247607_8532793047813542543_n.jpg 960w, https:\/\/www.radiopresidenteibanez.cl\/web\/wp-content\/uploads\/2019\/04\/25507640_1278981502247607_8532793047813542543_n-300x200.jpg 300w, https:\/\/www.radiopresidenteibanez.cl\/web\/wp-content\/uploads\/2019\/04\/25507640_1278981502247607_8532793047813542543_n-768x512.jpg 768w\" sizes=\"auto, (max-width: 960px) 100vw, 960px\" \/><\/figure>\n","protected":false},"excerpt":{"rendered":"<p>El destacado compositor musical, Camilo Salinas, ofrecer\u00e1 un concierto especial en Punta Arenas, en el marco de la Cartelera Cultural que lleva adelante la Municipalidad de Punta Arenas, a trav\u00e9s&#8230; <a class=\"read-more\" href=\"https:\/\/www.radiopresidenteibanez.cl\/web\/cartelera-cultural-continua-con-concierto-de-pianista-camilo-salinas\/\">Leer m\u00e1s<\/a><\/p>\n","protected":false},"author":2,"featured_media":3224,"comment_status":"closed","ping_status":"closed","sticky":false,"template":"","format":"standard","meta":{"footnotes":""},"categories":[4],"tags":[],"class_list":["post-3223","post","type-post","status-publish","format-standard","has-post-thumbnail","hentry","category-entretenimiento-y-cultura"],"_links":{"self":[{"href":"https:\/\/www.radiopresidenteibanez.cl\/web\/wp-json\/wp\/v2\/posts\/3223","targetHints":{"allow":["GET"]}}],"collection":[{"href":"https:\/\/www.radiopresidenteibanez.cl\/web\/wp-json\/wp\/v2\/posts"}],"about":[{"href":"https:\/\/www.radiopresidenteibanez.cl\/web\/wp-json\/wp\/v2\/types\/post"}],"author":[{"embeddable":true,"href":"https:\/\/www.radiopresidenteibanez.cl\/web\/wp-json\/wp\/v2\/users\/2"}],"replies":[{"embeddable":true,"href":"https:\/\/www.radiopresidenteibanez.cl\/web\/wp-json\/wp\/v2\/comments?post=3223"}],"version-history":[{"count":0,"href":"https:\/\/www.radiopresidenteibanez.cl\/web\/wp-json\/wp\/v2\/posts\/3223\/revisions"}],"wp:featuredmedia":[{"embeddable":true,"href":"https:\/\/www.radiopresidenteibanez.cl\/web\/wp-json\/wp\/v2\/media\/3224"}],"wp:attachment":[{"href":"https:\/\/www.radiopresidenteibanez.cl\/web\/wp-json\/wp\/v2\/media?parent=3223"}],"wp:term":[{"taxonomy":"category","embeddable":true,"href":"https:\/\/www.radiopresidenteibanez.cl\/web\/wp-json\/wp\/v2\/categories?post=3223"},{"taxonomy":"post_tag","embeddable":true,"href":"https:\/\/www.radiopresidenteibanez.cl\/web\/wp-json\/wp\/v2\/tags?post=3223"}],"curies":[{"name":"wp","href":"https:\/\/api.w.org\/{rel}","templated":true}]}}