{"id":32227,"date":"2022-08-25T09:47:17","date_gmt":"2022-08-25T12:47:17","guid":{"rendered":"https:\/\/www.radiopresidenteibanez.cl\/web\/?p=32227"},"modified":"2022-08-25T09:47:25","modified_gmt":"2022-08-25T12:47:25","slug":"recalcando-la-importancia-de-la-region-concluye-encuentro-del-gobernador-flies-y-ministra-urrejola","status":"publish","type":"post","link":"https:\/\/www.radiopresidenteibanez.cl\/web\/recalcando-la-importancia-de-la-region-concluye-encuentro-del-gobernador-flies-y-ministra-urrejola\/","title":{"rendered":"Recalcando la importancia de la regi\u00f3n concluye encuentro del Gobernador Flies y Ministra Urrejola"},"content":{"rendered":"\n<p>en las dependencias del Gobierno Regional de Magallanes y\nde la Ant\u00e1rtica Chilena, se reuni\u00f3 el Gobernador Jorge Flies con la Ministra de\nRelaciones Exteriores, Antonia Urrejola, para dialogar sobre distintos temas de\ninter\u00e9s. <\/p>\n\n\n\n<p>\u201cEsta es una regi\u00f3n que hist\u00f3ricamente ha tenido relaciones\ninternacionales. Hay una relaci\u00f3n hist\u00f3rica con la Rep\u00fablica Argentina, y\ntambi\u00e9n esta es una regi\u00f3n hecha por migrantes con varios consulados honorarios\nen la zona de todas partes del mundo. El trabajo de Canciller\u00eda en este\nterritorio es fundamental\u201d, destac\u00f3 el Gobernador Jorge Flies. <\/p>\n\n\n\n<p>Por su parte, la Ministra Urrejola, coment\u00f3 que \u201chemos\nconversado temas como el avance cient\u00edfico, el tema Ant\u00e1rtico y de Hidrogeno\nVerde. Fue una muy buena conversaci\u00f3n. Tambi\u00e9n dialogamos sobre las muy buenas\nrelaciones que tenemos con Argentina, la agenda en com\u00fan que estamos trabajando\ny uno de las tem\u00e1ticas que estamos viendo es integraci\u00f3n f\u00edsica y ver c\u00f3mo\npodemos facilitar los pasos fronterizos\u201d.&nbsp;\n<\/p>\n\n\n\n<p>Para finalizar, ambas autoridades recalcaron la importancia\nde la regi\u00f3n en t\u00e9rminos ant\u00e1rticos y de cambio clim\u00e1tico. <\/p>\n","protected":false},"excerpt":{"rendered":"<p>en las dependencias del Gobierno Regional de Magallanes y de la Ant\u00e1rtica Chilena, se reuni\u00f3 el Gobernador Jorge Flies con la Ministra de Relaciones Exteriores, Antonia Urrejola, para dialogar sobre&#8230; <a class=\"read-more\" href=\"https:\/\/www.radiopresidenteibanez.cl\/web\/recalcando-la-importancia-de-la-region-concluye-encuentro-del-gobernador-flies-y-ministra-urrejola\/\">Leer m\u00e1s<\/a><\/p>\n","protected":false},"author":2,"featured_media":32228,"comment_status":"closed","ping_status":"closed","sticky":false,"template":"","format":"standard","meta":{"footnotes":""},"categories":[1],"tags":[],"class_list":["post-32227","post","type-post","status-publish","format-standard","has-post-thumbnail","hentry","category-cronica"],"_links":{"self":[{"href":"https:\/\/www.radiopresidenteibanez.cl\/web\/wp-json\/wp\/v2\/posts\/32227","targetHints":{"allow":["GET"]}}],"collection":[{"href":"https:\/\/www.radiopresidenteibanez.cl\/web\/wp-json\/wp\/v2\/posts"}],"about":[{"href":"https:\/\/www.radiopresidenteibanez.cl\/web\/wp-json\/wp\/v2\/types\/post"}],"author":[{"embeddable":true,"href":"https:\/\/www.radiopresidenteibanez.cl\/web\/wp-json\/wp\/v2\/users\/2"}],"replies":[{"embeddable":true,"href":"https:\/\/www.radiopresidenteibanez.cl\/web\/wp-json\/wp\/v2\/comments?post=32227"}],"version-history":[{"count":0,"href":"https:\/\/www.radiopresidenteibanez.cl\/web\/wp-json\/wp\/v2\/posts\/32227\/revisions"}],"wp:featuredmedia":[{"embeddable":true,"href":"https:\/\/www.radiopresidenteibanez.cl\/web\/wp-json\/wp\/v2\/media\/32228"}],"wp:attachment":[{"href":"https:\/\/www.radiopresidenteibanez.cl\/web\/wp-json\/wp\/v2\/media?parent=32227"}],"wp:term":[{"taxonomy":"category","embeddable":true,"href":"https:\/\/www.radiopresidenteibanez.cl\/web\/wp-json\/wp\/v2\/categories?post=32227"},{"taxonomy":"post_tag","embeddable":true,"href":"https:\/\/www.radiopresidenteibanez.cl\/web\/wp-json\/wp\/v2\/tags?post=32227"}],"curies":[{"name":"wp","href":"https:\/\/api.w.org\/{rel}","templated":true}]}}