{"id":32207,"date":"2022-08-24T16:49:00","date_gmt":"2022-08-24T19:49:00","guid":{"rendered":"https:\/\/www.radiopresidenteibanez.cl\/web\/?p=32207"},"modified":"2022-08-24T15:40:33","modified_gmt":"2022-08-24T18:40:33","slug":"jovenes-de-escuela-croacia-y-liceo-sara-braun-elaboran-su-propia-campana-para-prevenir-el-bullyng-y-el-suicidio","status":"publish","type":"post","link":"https:\/\/www.radiopresidenteibanez.cl\/web\/jovenes-de-escuela-croacia-y-liceo-sara-braun-elaboran-su-propia-campana-para-prevenir-el-bullyng-y-el-suicidio\/","title":{"rendered":"JOVENES DE ESCUELA CROACIA Y LICEO SARA BRAUN ELABORAN SU PROPIA CAMPA\u00d1A PARA PREVENIR EL BULLYNG Y EL SUICIDIO"},"content":{"rendered":"\n<p>En\nabril de ese a\u00f1o el equipo de salud mental de la SEREMI de Salud Magallanes y\nel \u00e1rea de atenci\u00f3n menor de la CORMUPA &nbsp;se reunieron con un grupo de alumnos y alumnas\nde dos establecimientos educacionales de Punta Arenas: Escuela Croacia y Liceo\nSara Braun para trabajar dos tem\u00e1ticas que se encuentran presentes en el\nquehacer diario y las preocupaciones de los j\u00f3venes. Se trata de la prevenci\u00f3n\ndel suicidio y del bullyng.<\/p>\n\n\n\n<p>Frente\na esta realidad surgi\u00f3 la necesidad de trabajar al interior de Las comunidades escolares como uno de los contextos\nm\u00e1s importantes en la etapa de adolescencia y juventud por las interacciones\nsociales que en estos espacios se producen. <\/p>\n\n\n\n<p>Maribel Bustos, encargada de salud mental de la\nSEREMI, explica&nbsp; que los establecimientos\neducacionales son un \u00e1mbito propicio y estrat\u00e9gico para promover los factores\nprotectores&nbsp; que fomenten estilos de vida\nsaludables y una convivencia sana con otros. A su vez, para &nbsp;propiciar estrategias de afrontamiento ante\nsituaciones de estr\u00e9s y prevenci\u00f3n conductas de riesgo.<\/p>\n\n\n\n<p>El Trabajo de preparaci\u00f3n que se prolong\u00f3 por tres\nmeses logr\u00f3 unir las ideas de los estudiantes y convertirse en propuestas\ncreadas por ellos mismos para su pares o compa\u00f1eros. Los mensajes de prevenci\u00f3n\nen bullyng y suicidio se convirtieron&nbsp; en\nvideos, afiches y en un cuento. <\/p>\n\n\n\n<p>Esta ma\u00f1ana, se realiz\u00f3 el lanzamiento de los\ndiversos productos audiovisuales que ser\u00e1n las herramientas que tendr\u00e1n los\nj\u00f3venes para difundir estas tem\u00e1ticas entre sus compa\u00f1eros y compa\u00f1eras. Al\nrespecto, la SEREMI de Salud, Francisca Sanfuentes, se\u00f1al\u00f3 que esta es una\ninstancia muy interesante y productiva de los estudiantes junto al equipo\ndocente en relaci\u00f3n a trabajar distintas estrategias a trav\u00e9s de videos, dise\u00f1o\nde afiches en temas que son relevantes y que ante los cuales act\u00faa como factor\nclave el poder conversar, discutir y actuar si detectamos algunas de estas\nsituaciones de riesgo\u201d<\/p>\n\n\n\n<p>La encargada de conviviencia escolar de la Escuela\nCroacia, Karina Leiva, manifest\u00f3 que como equipo se encuentran muy orgullosos\ndel trabajo de los j\u00f3venes y el haberlos acompa\u00f1ados en este arduo trabajo y\nhablar de estos temas como una forma de prevenirlos, convers\u00e1ndolos abierta\npara que la Escuela sea un&nbsp; factor\nprotector.<\/p>\n\n\n\n<p>Una de los j\u00f3venes creadores, alumna del Liceo Sara\nBraun, Anastasia Anabal\u00f3n, \u201cme encant\u00f3 trabajar en este proyecto, conocer otras\npersonas, aprender que existen muchos mitos sobre el bullyng y suicidios, lo\nque me ayud\u00f3 a preparar este material que ayudar\u00e1&nbsp; a otros.\u201dSiempre hay una persona escondida\nque puede estar pasando estos problemas y se calla, con esta ayuda puede sentir\nque no est\u00e1 solo\u201d.<\/p>\n\n\n\n<p>En tanto, Asaf Lavados de octavo b\u00e1sico de la\nescuela Croacia&nbsp; . me gust\u00f3 el trabajo y\nquisiera volver a repetirlo, es importante ayudar a los ni\u00f1os y tambi\u00e9n a los\nadultos que puedan estar pasando por esto.<\/p>\n\n\n\n<p>La Directora de la Escuela Croacia, Cecilia\nQui\u00f1ones, destac\u00f3 que se haya trabajado en un tema tan importante en estos\ntiempos como es la salud mental y que surja como producto de la reflexi\u00f3n de\nlos propios ni\u00f1os y j\u00f3venes y que ayude a otros que est\u00e1n pasando momentos\ndif\u00edciles.<\/p>\n\n\n\n<p>Los 15 estudiantes participantes en este proyecto\nfueron permanentemente guiados por docentes y las duplas psicosociales de sus\nestablecimientos junto al apoyo t\u00e9cnico de la SEREMI y de CORMUPA.<\/p>\n\n\n\n<p>Se espera a fin de a\u00f1o concluir con una obra de\nteatro relativa a la prevenci\u00f3n, mientras que el material creado en esta\nprimera etapa ser\u00e1 difundido a trav\u00e9s de&nbsp;\nredes sociales y por los canales internos de cada establecimiento.<\/p>\n\n\n\n<p>Seg\u00fan\nel estudio anual de la ONG Internacional Bullying Sin Fronteras, comenzado en\nenero de 2020 y terminado en diciembre de 2021, hubo un aumento de un 40 % en\nlas denuncias por maltratos f\u00edsicos y psicol\u00f3gicos en colegios de p\u00fablicos y\nprivados de CHILE, pasando de 3.760 casos a 5.934.<\/p>\n\n\n\n<p>En Magallanes el\na\u00f1o 2021 se notificaron a trav\u00e9s de los Servicios de urgencias 283 casos de\nintento de suicidio, de los cuales el 34,3% pertenece al rango entre 10 a 19\na\u00f1os. En el primer semestre de este a\u00f1o, se han notificado 106 casos de intento\nde suicidio en la regi\u00f3n, de los cuales 26 son menores de 18 a\u00f1os .<\/p>\n","protected":false},"excerpt":{"rendered":"<p>En abril de ese a\u00f1o el equipo de salud mental de la SEREMI de Salud Magallanes y el \u00e1rea de atenci\u00f3n menor de la CORMUPA &nbsp;se reunieron con un grupo&#8230; <a class=\"read-more\" href=\"https:\/\/www.radiopresidenteibanez.cl\/web\/jovenes-de-escuela-croacia-y-liceo-sara-braun-elaboran-su-propia-campana-para-prevenir-el-bullyng-y-el-suicidio\/\">Leer m\u00e1s<\/a><\/p>\n","protected":false},"author":2,"featured_media":32208,"comment_status":"closed","ping_status":"closed","sticky":false,"template":"","format":"standard","meta":{"footnotes":""},"categories":[1],"tags":[],"class_list":["post-32207","post","type-post","status-publish","format-standard","has-post-thumbnail","hentry","category-cronica"],"_links":{"self":[{"href":"https:\/\/www.radiopresidenteibanez.cl\/web\/wp-json\/wp\/v2\/posts\/32207","targetHints":{"allow":["GET"]}}],"collection":[{"href":"https:\/\/www.radiopresidenteibanez.cl\/web\/wp-json\/wp\/v2\/posts"}],"about":[{"href":"https:\/\/www.radiopresidenteibanez.cl\/web\/wp-json\/wp\/v2\/types\/post"}],"author":[{"embeddable":true,"href":"https:\/\/www.radiopresidenteibanez.cl\/web\/wp-json\/wp\/v2\/users\/2"}],"replies":[{"embeddable":true,"href":"https:\/\/www.radiopresidenteibanez.cl\/web\/wp-json\/wp\/v2\/comments?post=32207"}],"version-history":[{"count":0,"href":"https:\/\/www.radiopresidenteibanez.cl\/web\/wp-json\/wp\/v2\/posts\/32207\/revisions"}],"wp:featuredmedia":[{"embeddable":true,"href":"https:\/\/www.radiopresidenteibanez.cl\/web\/wp-json\/wp\/v2\/media\/32208"}],"wp:attachment":[{"href":"https:\/\/www.radiopresidenteibanez.cl\/web\/wp-json\/wp\/v2\/media?parent=32207"}],"wp:term":[{"taxonomy":"category","embeddable":true,"href":"https:\/\/www.radiopresidenteibanez.cl\/web\/wp-json\/wp\/v2\/categories?post=32207"},{"taxonomy":"post_tag","embeddable":true,"href":"https:\/\/www.radiopresidenteibanez.cl\/web\/wp-json\/wp\/v2\/tags?post=32207"}],"curies":[{"name":"wp","href":"https:\/\/api.w.org\/{rel}","templated":true}]}}