{"id":32195,"date":"2022-08-24T10:56:44","date_gmt":"2022-08-24T13:56:44","guid":{"rendered":"https:\/\/www.radiopresidenteibanez.cl\/web\/?p=32195"},"modified":"2022-08-24T10:56:51","modified_gmt":"2022-08-24T13:56:51","slug":"sindicato-de-trabajadores-enap-magallanes-valora-anuncio-del-gobierno-de-poner-suma-urgencia-a-proyecto-de-reducir-la-jornada-laboral","status":"publish","type":"post","link":"https:\/\/www.radiopresidenteibanez.cl\/web\/sindicato-de-trabajadores-enap-magallanes-valora-anuncio-del-gobierno-de-poner-suma-urgencia-a-proyecto-de-reducir-la-jornada-laboral\/","title":{"rendered":"Sindicato de Trabajadores Enap Magallanes valora anuncio del Gobierno de poner suma urgencia a proyecto de reducir la Jornada Laboral"},"content":{"rendered":"\n<p>Su m\u00e1s grata satisfacci\u00f3n expres\u00f3 la directiva del Sindicato de trabajadores Enap Magallanes, ante el anuncio en el Palacio de la Moneda poner suma urgencia a la tramitaci\u00f3n del proyecto de Ley de reducir la jornada laboral a 40 horas, que actualmente se encuentra en la comisi\u00f3n del trabajo del Senado y apunta entre sus modificaciones una implementaci\u00f3n gradual de la reducci\u00f3n de la jornada labora en un plazo de cinco a\u00f1os. <br>\nEl Presidente de la Rep\u00fablica, Gabriel Boric Font, declar\u00f3 que conf\u00eda plenamente en que los parlamentarios y parlamentarias van a tramitar este proyecto con la celeridad que merecen las familias chilenas, agregando que este es un proyecto pro familia, es un proyecto que apunta al buen vivir. <br>\nEl Presidente del sindicato enapino, Carlos aro, se\u00f1al\u00f3 que el proyecto de 40 horas viene a mejorar la calidad de vida de millones de chilenos y chilenas. M\u00e1s tiempo para estar junto a la familia, como el periodo necesario para compartir y descansar. M\u00e1s tiempo para vivir mejor. Este compromiso del Presidente, Gabriel Boric, contribuye a hacer de Chile un mejor pa\u00eds y como trabajadores lo respaldamos absolutamente. \u201cEsta es una recomendaci\u00f3n que viene del a\u00f1o 1982 por parte de la Organizaci\u00f3n Internacional del Trabajo en uno de los convenios que establece la rebaja laboral a 40 horas. Nuestro pa\u00eds est\u00e1 atrasado en relaci\u00f3n al concierto internacional\u201d, declar\u00f3 el l\u00edder sindical.<\/p>\n","protected":false},"excerpt":{"rendered":"<p>Su m\u00e1s grata satisfacci\u00f3n expres\u00f3 la directiva del Sindicato de trabajadores Enap Magallanes, ante el anuncio en el Palacio de la Moneda poner suma urgencia a la tramitaci\u00f3n del proyecto&#8230; <a class=\"read-more\" href=\"https:\/\/www.radiopresidenteibanez.cl\/web\/sindicato-de-trabajadores-enap-magallanes-valora-anuncio-del-gobierno-de-poner-suma-urgencia-a-proyecto-de-reducir-la-jornada-laboral\/\">Leer m\u00e1s<\/a><\/p>\n","protected":false},"author":2,"featured_media":32196,"comment_status":"closed","ping_status":"closed","sticky":false,"template":"","format":"standard","meta":{"footnotes":""},"categories":[1],"tags":[],"class_list":["post-32195","post","type-post","status-publish","format-standard","has-post-thumbnail","hentry","category-cronica"],"_links":{"self":[{"href":"https:\/\/www.radiopresidenteibanez.cl\/web\/wp-json\/wp\/v2\/posts\/32195","targetHints":{"allow":["GET"]}}],"collection":[{"href":"https:\/\/www.radiopresidenteibanez.cl\/web\/wp-json\/wp\/v2\/posts"}],"about":[{"href":"https:\/\/www.radiopresidenteibanez.cl\/web\/wp-json\/wp\/v2\/types\/post"}],"author":[{"embeddable":true,"href":"https:\/\/www.radiopresidenteibanez.cl\/web\/wp-json\/wp\/v2\/users\/2"}],"replies":[{"embeddable":true,"href":"https:\/\/www.radiopresidenteibanez.cl\/web\/wp-json\/wp\/v2\/comments?post=32195"}],"version-history":[{"count":0,"href":"https:\/\/www.radiopresidenteibanez.cl\/web\/wp-json\/wp\/v2\/posts\/32195\/revisions"}],"wp:featuredmedia":[{"embeddable":true,"href":"https:\/\/www.radiopresidenteibanez.cl\/web\/wp-json\/wp\/v2\/media\/32196"}],"wp:attachment":[{"href":"https:\/\/www.radiopresidenteibanez.cl\/web\/wp-json\/wp\/v2\/media?parent=32195"}],"wp:term":[{"taxonomy":"category","embeddable":true,"href":"https:\/\/www.radiopresidenteibanez.cl\/web\/wp-json\/wp\/v2\/categories?post=32195"},{"taxonomy":"post_tag","embeddable":true,"href":"https:\/\/www.radiopresidenteibanez.cl\/web\/wp-json\/wp\/v2\/tags?post=32195"}],"curies":[{"name":"wp","href":"https:\/\/api.w.org\/{rel}","templated":true}]}}