{"id":32176,"date":"2022-08-23T16:06:50","date_gmt":"2022-08-23T19:06:50","guid":{"rendered":"https:\/\/www.radiopresidenteibanez.cl\/web\/?p=32176"},"modified":"2022-08-23T16:06:58","modified_gmt":"2022-08-23T19:06:58","slug":"municipio-de-rio-verde-da-inicio-a-su-tradicional-campeonato-de-baby-futbol","status":"publish","type":"post","link":"https:\/\/www.radiopresidenteibanez.cl\/web\/municipio-de-rio-verde-da-inicio-a-su-tradicional-campeonato-de-baby-futbol\/","title":{"rendered":"MUNICIPIO DE R\u00cdO VERDE DA INICIO A SU TRADICIONAL CAMPEONATO DE BABY F\u00daTBOL"},"content":{"rendered":"\n<p>Como una forma de generar actividades recreativas y de esparcimiento para sus vecinos y vecinas, la Municipalidad de R\u00edo Verde dio inicio este fin de semana a una nueva versi\u00f3n de su tradicional Campeonato de Baby F\u00fatbol denominado \u201cTodos por R\u00edo Verde\u201d, instancia en que est\u00e1n participando equipos de Isla Riesco, Continente, del Municipio y de Punta Arenas.<br>\nLa alcaldesa de R\u00edo Verde, Sabina Ballesteros, dio el puntapi\u00e9 inicial a este importante evento deportivo que se llev\u00f3 a cabo en el Gimnasio Municipal de la comuna. \u201cEstamos bastante contentos porque tuvimos una jornada bastante exitosa este s\u00e1bado y domingo, donde participaron distintos grupos en el Campeonato de Baby F\u00fatbol, m\u00e1s conocido como \u201cTodos por R\u00edo Verde\u201d. Este es un campeonato hist\u00f3rico y que yo s\u00e9 que los vecinos y vecinas m\u00e1s antiguos de R\u00edo Verde lo van a recordar con mucho cari\u00f1o y hoy d\u00eda, tras la pandemia tambi\u00e9n, nos volvimos a reencontrar en este espacio tan importante para nosotros e hist\u00f3rico, donde no solamente nos divertimos, sino tambi\u00e9n aportamos un poquito a la vida saludable\u201d destac\u00f3.     <br>\nA lo anterior, la m\u00e1xima autoridad comunal a\u00f1adi\u00f3 \u201caprovecho tambi\u00e9n de comentar e instar tambi\u00e9n a los equipos no ganadores y ganadores tambi\u00e9n, de que este s\u00e1bado y domingo volvemos a reencontrarnos entorno al Campeonato de Baby F\u00fatbol en el Gimnasio Municipal, as\u00ed que los esperamos con todo el entusiasmo para que nos vayamos a entretener. Este d\u00eda s\u00e1bado van a haber algunos partidos amistosos con la Isla (Riesco), as\u00ed que est\u00e1n todas y todos cordialmente invitados\u201d.   <br>\nUno de los equipos femeninos, organizado por la Escuela de R\u00edo Verde, cont\u00f3 con la participaci\u00f3n de Elizabeth Alessandri, quien es descendiente Kaw\u00e9sqar y vivi\u00f3 parte de su ni\u00f1ez en la comuna. \u201cViv\u00ed parte de mi vida ac\u00e1, de ni\u00f1ez aqu\u00ed en la zona. Hoy vine a apoyar al equipo de la escuelita de R\u00edo verde. Y bueno, me gusta jugar al f\u00fatbol y todo, pero fue m\u00e1s que nada por apoyar a la escuela, aparte de eso que soy de la zona; adem\u00e1s, de venir a representar mi nombre y mi apellido. As\u00ed que, agradecida de la organizaci\u00f3n, saludo a la alcaldesa que ahora est\u00e1, y bueno, muchas gracias y agradecida\u201d se\u00f1al\u00f3.<br>\nPor su parte, Marcelo Dur\u00e1n, funcionario de la Municipalidad y capit\u00e1n del equipo municipal \u201cLos Murdianos\u201d, coment\u00f3 \u201cestamos colaborando y cooperando con la Municipalidad de R\u00edo Verde. Agradecemos la gesti\u00f3n de la alcaldesa y de la Unidad de Desarrollo Comunitario, porque de alguna forma une todo lo que es continente con R\u00edo Verde, y eso potencia todo lo que son los trabajos de equipo, de grupo. Hoy fue una jornada ardua, tuvimos dos partidos, lamentablemente solo ganamos uno, as\u00ed que esperamos que la semifinal venga con todo para poder seguir adelante y disfrutando este deporte que es el Baby F\u00fatbol\u201d. <br>\nPor \u00faltimo, Ra\u00fal C\u00e1rcamo, quien es de Isla Riesco, espec\u00edficamente del Fundo Ankel y que particip\u00f3 de este torneo en el equipo de la Isla, afirm\u00f3 que \u201cestamos jugando varios a\u00f1os ya ac\u00e1 el Campeonato de Baby, lo cual se suspendi\u00f3 por casi 3 a\u00f1os por la pandemia, pero es bueno que volvamos de vuelta a juntarnos a hacer deporte, que es lo principal para poder juntarse, conocerse y divertirse un rato, es bueno. As\u00ed que por eso estamos contentos de volver a jugar baby. De los a\u00f1os que tengo (65 a\u00f1os) todav\u00eda estoy luchando para poder seguir participando un par de a\u00f1os m\u00e1s todav\u00eda\u201d.   <br>\nDestacar que durante el fin de semana reci\u00e9n pasado (s\u00e1bado 20 y domingo 21 de agosto), se llev\u00f3 a cabo la fase de grupos de la categor\u00eda masculina y femenina, dejando para el pr\u00f3ximo domingo 28 las semifinales y finales correspondientes. El d\u00eda s\u00e1bado 27 se realizar\u00e1n amistosos con los vecinos y vecinas, tanto de Isla Riesco como de Continente. <br>\nTodos los equipos participantes recibieron, en las dos primeras jornadas, un set de 10 camisetas de regalo para utilizarlas durante el torneo y adem\u00e1s, un morral con alimentaci\u00f3n saludable. El gran premio de este campeonato, ser\u00e1 una copa, medallas y un cordero para el equipo ganador de cada categor\u00eda.<\/p>\n","protected":false},"excerpt":{"rendered":"<p>Como una forma de generar actividades recreativas y de esparcimiento para sus vecinos y vecinas, la Municipalidad de R\u00edo Verde dio inicio este fin de semana a una nueva versi\u00f3n&#8230; <a class=\"read-more\" href=\"https:\/\/www.radiopresidenteibanez.cl\/web\/municipio-de-rio-verde-da-inicio-a-su-tradicional-campeonato-de-baby-futbol\/\">Leer m\u00e1s<\/a><\/p>\n","protected":false},"author":2,"featured_media":32177,"comment_status":"closed","ping_status":"closed","sticky":false,"template":"","format":"standard","meta":{"footnotes":""},"categories":[1],"tags":[],"class_list":["post-32176","post","type-post","status-publish","format-standard","has-post-thumbnail","hentry","category-cronica"],"_links":{"self":[{"href":"https:\/\/www.radiopresidenteibanez.cl\/web\/wp-json\/wp\/v2\/posts\/32176","targetHints":{"allow":["GET"]}}],"collection":[{"href":"https:\/\/www.radiopresidenteibanez.cl\/web\/wp-json\/wp\/v2\/posts"}],"about":[{"href":"https:\/\/www.radiopresidenteibanez.cl\/web\/wp-json\/wp\/v2\/types\/post"}],"author":[{"embeddable":true,"href":"https:\/\/www.radiopresidenteibanez.cl\/web\/wp-json\/wp\/v2\/users\/2"}],"replies":[{"embeddable":true,"href":"https:\/\/www.radiopresidenteibanez.cl\/web\/wp-json\/wp\/v2\/comments?post=32176"}],"version-history":[{"count":0,"href":"https:\/\/www.radiopresidenteibanez.cl\/web\/wp-json\/wp\/v2\/posts\/32176\/revisions"}],"wp:featuredmedia":[{"embeddable":true,"href":"https:\/\/www.radiopresidenteibanez.cl\/web\/wp-json\/wp\/v2\/media\/32177"}],"wp:attachment":[{"href":"https:\/\/www.radiopresidenteibanez.cl\/web\/wp-json\/wp\/v2\/media?parent=32176"}],"wp:term":[{"taxonomy":"category","embeddable":true,"href":"https:\/\/www.radiopresidenteibanez.cl\/web\/wp-json\/wp\/v2\/categories?post=32176"},{"taxonomy":"post_tag","embeddable":true,"href":"https:\/\/www.radiopresidenteibanez.cl\/web\/wp-json\/wp\/v2\/tags?post=32176"}],"curies":[{"name":"wp","href":"https:\/\/api.w.org\/{rel}","templated":true}]}}