{"id":32173,"date":"2022-08-23T12:57:00","date_gmt":"2022-08-23T15:57:00","guid":{"rendered":"https:\/\/www.radiopresidenteibanez.cl\/web\/?p=32173"},"modified":"2022-08-23T11:44:00","modified_gmt":"2022-08-23T14:44:00","slug":"ex-convencional-margarita-vargas-lopez-chile-esta-siendo-observado-por-muchos-paises","status":"publish","type":"post","link":"https:\/\/www.radiopresidenteibanez.cl\/web\/ex-convencional-margarita-vargas-lopez-chile-esta-siendo-observado-por-muchos-paises\/","title":{"rendered":"Ex convencional Margarita Vargas L\u00f3pez: \u201cChile est\u00e1 siendo observado por muchos pa\u00edses\u201d"},"content":{"rendered":"\n<p>Desde los inicios de la movilizaci\u00f3n que culmin\u00f3 con el proceso constituyente en curso, la Universidad de Magallanes ha participado brindando espacios de debate; realizando investigaciones sociales; sistematizando demandas ciudadanas, e integrando en sus diversas actividades tanto a la sociedad civil como a los y las ahora ex convencionales por Magallanes.<\/p>\n\n\n\n<p>Ad portas del plebiscito de salida, estudiantes y docentes de la carrera de Derecho organizaron en conjunto el conversatorio \u201cProyecto Nueva Constituci\u00f3n\u201d, donde plantearon sus dudas y reflexiones acerca de los desaf\u00edos que presenta a su disciplina de estudio, este nuevo texto constitucional, a las ex convencionales Elisa Giustinianovich Campos y Margarita Vargas L\u00f3pez.&nbsp;<\/p>\n\n\n\n<p>\u201cEntendemos que este proceso ha estado dominado por los bandos pol\u00edticos de uno y otro sector y, por tanto, hay una profunda desinformaci\u00f3n respecto del contenido de este proyecto de nueva Constituci\u00f3n\u201d, afirm\u00f3 Angie Silva Mayor, acad\u00e9mica de Derecho Pol\u00edtico y Derecho Constitucional y parte del equipo organizador. Agreg\u00f3 que debido a lo anterior, \u201chemos estado desde distintas aristas abordando este proyecto desde la perspectiva m\u00e1s neutral posible, desde una perspectiva completamente acad\u00e9mica\u201d.&nbsp;<\/p>\n\n\n\n<p><strong>Un proceso importante m\u00e1s all\u00e1 de la frontera<\/strong><\/p>\n\n\n\n<p>Las ex convencionales hicieron una presentaci\u00f3n respecto de la propuesta, ampliando la mirada hist\u00f3rica m\u00e1s all\u00e1 incluso del estallido social, como una manera de contextualizar la discusi\u00f3n en torno a la posibilidad de contar con una nueva Carta Fundamental.<\/p>\n\n\n\n<p>Satisfecha por la alta convocatoria, Giustinianovich valor\u00f3 la invitaci\u00f3n como \u201cuna excelente iniciativa, muy necesaria en el contexto que estamos viviendo como pa\u00eds, pues necesitamos que se repliquen este tipo de instancias para poder dialogar, conversar, ir conociendo y comprendiendo esta propuesta, que tiene la posibilidad de ser aprobada el 4 de septiembre\u201d.<\/p>\n\n\n\n<p>Vargas, en tanto, apunt\u00f3 a los desaf\u00edos que este texto y todo el proceso plantea a la carrera de Derecho y al pa\u00eds. \u201cChile est\u00e1 siendo observado por muchos pa\u00edses, as\u00ed que me parece interesante que los alumnos de derecho tengan ese inter\u00e9s, porque con el concepto de pluralismo jur\u00eddico, por ejemplo, hay mucha investigaci\u00f3n que desarrollar. Van a haber cambios en las mallas curriculares a futuro, para poder integrar estos contenidos, as\u00ed que muy agradecida del espacio que gener\u00f3 la Universidad de Magallanes, a trav\u00e9s de la carrera de Derecho.<\/p>\n","protected":false},"excerpt":{"rendered":"<p>Desde los inicios de la movilizaci\u00f3n que culmin\u00f3 con el proceso constituyente en curso, la Universidad de Magallanes ha participado brindando espacios de debate; realizando investigaciones sociales; sistematizando demandas ciudadanas,&#8230; <a class=\"read-more\" href=\"https:\/\/www.radiopresidenteibanez.cl\/web\/ex-convencional-margarita-vargas-lopez-chile-esta-siendo-observado-por-muchos-paises\/\">Leer m\u00e1s<\/a><\/p>\n","protected":false},"author":2,"featured_media":32174,"comment_status":"closed","ping_status":"closed","sticky":false,"template":"","format":"standard","meta":{"footnotes":""},"categories":[1],"tags":[],"class_list":["post-32173","post","type-post","status-publish","format-standard","has-post-thumbnail","hentry","category-cronica"],"_links":{"self":[{"href":"https:\/\/www.radiopresidenteibanez.cl\/web\/wp-json\/wp\/v2\/posts\/32173","targetHints":{"allow":["GET"]}}],"collection":[{"href":"https:\/\/www.radiopresidenteibanez.cl\/web\/wp-json\/wp\/v2\/posts"}],"about":[{"href":"https:\/\/www.radiopresidenteibanez.cl\/web\/wp-json\/wp\/v2\/types\/post"}],"author":[{"embeddable":true,"href":"https:\/\/www.radiopresidenteibanez.cl\/web\/wp-json\/wp\/v2\/users\/2"}],"replies":[{"embeddable":true,"href":"https:\/\/www.radiopresidenteibanez.cl\/web\/wp-json\/wp\/v2\/comments?post=32173"}],"version-history":[{"count":0,"href":"https:\/\/www.radiopresidenteibanez.cl\/web\/wp-json\/wp\/v2\/posts\/32173\/revisions"}],"wp:featuredmedia":[{"embeddable":true,"href":"https:\/\/www.radiopresidenteibanez.cl\/web\/wp-json\/wp\/v2\/media\/32174"}],"wp:attachment":[{"href":"https:\/\/www.radiopresidenteibanez.cl\/web\/wp-json\/wp\/v2\/media?parent=32173"}],"wp:term":[{"taxonomy":"category","embeddable":true,"href":"https:\/\/www.radiopresidenteibanez.cl\/web\/wp-json\/wp\/v2\/categories?post=32173"},{"taxonomy":"post_tag","embeddable":true,"href":"https:\/\/www.radiopresidenteibanez.cl\/web\/wp-json\/wp\/v2\/tags?post=32173"}],"curies":[{"name":"wp","href":"https:\/\/api.w.org\/{rel}","templated":true}]}}