{"id":3217,"date":"2019-04-10T14:57:13","date_gmt":"2019-04-10T14:57:13","guid":{"rendered":"http:\/\/www.radiopresidenteibanez.cl\/web\/?p=3217"},"modified":"2019-04-10T14:57:33","modified_gmt":"2019-04-10T14:57:33","slug":"sercotec-magallanes-lanza-convocatoria-a-capital-semilla-emprende","status":"publish","type":"post","link":"https:\/\/www.radiopresidenteibanez.cl\/web\/sercotec-magallanes-lanza-convocatoria-a-capital-semilla-emprende\/","title":{"rendered":"SERCOTEC MAGALLANES LANZA CONVOCATORIA A CAPITAL SEMILLA EMPRENDE"},"content":{"rendered":"\n<p>Con autoridades lideradas\npor el Intendente de Magallanes, Jos\u00e9 Fern\u00e1ndez D\u00fcbrock y la directora regional\nde Sercotec Magallanes, Mar\u00eda Soledad Solo de Zald\u00edvar, se realiz\u00f3 hoy el\nlanzamiento del Capital Semilla Emprende en la Regi\u00f3n, fondo concursable que\nest\u00e1 dirigido a toda persona natural sin iniciaci\u00f3n de actividades en primera\ncategor\u00eda frente al SII y que financia un emprendimiento con hasta $3.500.000\npara inversi\u00f3n y gesti\u00f3n empresarial con un cofinanciamiento de 15%.<\/p>\n\n\n\n<p>\u201cEl aporte que hace el\ngobierno a trav\u00e9s de estos Capitales Semilla por Sercotec, nosotros\nconsideramos que es muy importante justamente para los emprendedores, aqu\u00ed es\nel primer puntapi\u00e9 para iniciar. En Magallanes estamos llenos de emprendedores,\ngente que tiene sue\u00f1os y quiere realizar cosas y a veces le falta del capital\npara hacerlo y bueno aqu\u00ed pueden postular a Sercotec tienen todo este mes de\nabril para hacerlo y llegar a materializar sus ideas. Los formularios se\nsimplificaron son solamente 4 pasos, lo pueden ver en la p\u00e1gina web\n(www.sercotec.cl) entonces est\u00e1n todas las facilidades dadas para que los\nemprendedores puedan acceder y participar a estos llamados de financiamiento\u201d,\ndestac\u00f3 el Intendente de Magallanes, Jos\u00e9 Fern\u00e1ndez D\u00fcbrock.<\/p>\n\n\n\n<p>Por su parte, la\ndirectora regional de Sercotec Magallanes, Mar\u00eda Soledad Solo de Zald\u00edvar, manifest\u00f3\nque \u201cesto es para todos hombres y mujeres, todos aquellos que quieren\nemprender, que tengan alguna idea de negocio, pueden postular a un fondo\nconcursable que es de hasta $3.500.000 con un cofinanciamiento por parte de la\npersona que postula de un 15%. Comentar que la convocatoria se abre hoy 9 y\ndura hasta el 30 de abril. La novedad y lo nuevo que tiene este a\u00f1o, es que el\nformulario de casi 150 preguntas cambi\u00f3 y ahora solamente son 11 preguntas.\nUstedes tambi\u00e9n se pueden apoyar a trav\u00e9s de nuestros Centros de Negocios\nSercotec, donde hay charlas y capacitaciones de c\u00f3mo poder postular a estos\nfondos concursables. Adicional a estas 11 preguntas, viene un video que puede\nser totalmente casero, donde usted muestra su idea de negocio, que es lo que\nquiere financiar con estos fondos de Sercotec. As\u00ed que la invitaci\u00f3n es para\ntodas las mujeres y hombres que quieran emprender y que quieran ser un aporte\npara su econom\u00eda familiar, regional y por supuesto para nuestro pa\u00eds\u201d.<\/p>\n\n\n\n<p>Destacar que los fondos concursables\nde Sercotec 2019 mejoraron su forma de postular, reduciendo el cuestionario de\npreguntas de 146 a 11, unificando la plataforma para postular ya que todo se\nrealiza a trav\u00e9s de www.sercotec.cl, eliminando el papeleo, y el postulante tiene\nque elaborar un video de 90 segundos para presentar su idea de negocio, que se\ndenomina Pitch.<\/p>\n\n\n\n<p>El lanzamiento del\nCapital Semilla este a\u00f1o en Magallanes se realiz\u00f3 en el local de comida r\u00e1pida\n\u201cSouvlaki\u201d, el cual est\u00e1 ubicado en Jos\u00e9 Nogueira 1130 local D y su due\u00f1o\nFelipe Barr\u00eda, quien fuese beneficiario de este fondo coment\u00f3 como naci\u00f3 la\nidea de emprender y postular al Capital Semilla Emprende. \u201cComo mi familia\nsiempre ha sido comerciante, la primera idea fue, bueno tengamos un negocio.\nPostul\u00e9 a Sercotec, porque mi pap\u00e1 postul\u00f3 a un Crece primero y ah\u00ed me enter\u00e9\nque estaba el Emprende y dijimos \u00a1bueno probemos! Probamos con una idea\ninnovadora, distinta de otro lado, la comida siempre se vende. Hicimos el\nproyecto, adem\u00e1s estudio administraci\u00f3n, eso me ayud\u00f3 un poco para escribir\ntodo el formulario y nada, precioso. Es una lucha constante, se aprende,\nconoces gente y cansador tambi\u00e9n, tiene sus \u201cpro\u201d y sus contras, pero es una\ngran ayuda (el Capital Semilla) para poder empezar, comprar un par de activos,\npublicidad que son cosas caras y a veces uno tiene presupuesto para otras\ncosas, pero una gran ayuda\u201d. <\/p>\n\n\n\n<p>Entre las autoridades\npresentes estaban tambi\u00e9n, el Gerente de Regiones Sercotec, Bruno Trisotti; la\nSeremi de Gobierno, Alejandra Mu\u00f1oz; la Coordinadora de Seguridad P\u00fablica,\nJennifer Rojas; y la Seremi de Econom\u00eda, Natalia Easton.<\/p>\n\n\n\n<p>La convocatoria se abri\u00f3\nhoy martes 9 de abril a las 12:00 horas y culminan el martes 30 de abril a las\n15:00 horas.<\/p>\n\n\n\n<p>Cabe mencionar que la\nDirecci\u00f3n Regional&nbsp; de&nbsp; Sercotec Magallanes realizar\u00e1 talleres de\nApoyo a la Postulaci\u00f3n para todos los fondos concursables 2019 del servicio en\ntodas las provincias de la regi\u00f3n de Magallanes y Ant\u00e1rtica Chilena. <\/p>\n\n\n\n<p>Para m\u00e1s informaci\u00f3n y apoyo en la postulaci\u00f3n, vis\u00edtanos en la Direcci\u00f3n Regional de Sercotec Magallanes ubicada en Calle Roca 817 oficina 24 o llama al 61 2 244570 \/ 229951. Adem\u00e1s, puedes visitar nuestros Centros de Negocios Sercotec ubicado en las 4 provincias de la Regi\u00f3n.<\/p>\n\n\n\n<figure class=\"wp-block-image\"><img loading=\"lazy\" decoding=\"async\" width=\"1024\" height=\"768\" src=\"https:\/\/www.radiopresidenteibanez.cl\/web\/wp-content\/uploads\/2019\/04\/Foto-1-1-1024x768.jpeg\" alt=\"\" class=\"wp-image-3218\" srcset=\"https:\/\/www.radiopresidenteibanez.cl\/web\/wp-content\/uploads\/2019\/04\/Foto-1-1-1024x768.jpeg 1024w, https:\/\/www.radiopresidenteibanez.cl\/web\/wp-content\/uploads\/2019\/04\/Foto-1-1-300x225.jpeg 300w, https:\/\/www.radiopresidenteibanez.cl\/web\/wp-content\/uploads\/2019\/04\/Foto-1-1-768x576.jpeg 768w, https:\/\/www.radiopresidenteibanez.cl\/web\/wp-content\/uploads\/2019\/04\/Foto-1-1.jpeg 1280w\" sizes=\"auto, (max-width: 1024px) 100vw, 1024px\" \/><\/figure>\n","protected":false},"excerpt":{"rendered":"<p>Con autoridades lideradas por el Intendente de Magallanes, Jos\u00e9 Fern\u00e1ndez D\u00fcbrock y la directora regional de Sercotec Magallanes, Mar\u00eda Soledad Solo de Zald\u00edvar, se realiz\u00f3 hoy el lanzamiento del Capital&#8230; <a class=\"read-more\" href=\"https:\/\/www.radiopresidenteibanez.cl\/web\/sercotec-magallanes-lanza-convocatoria-a-capital-semilla-emprende\/\">Leer m\u00e1s<\/a><\/p>\n","protected":false},"author":2,"featured_media":3218,"comment_status":"closed","ping_status":"closed","sticky":false,"template":"","format":"standard","meta":{"footnotes":""},"categories":[1],"tags":[],"class_list":["post-3217","post","type-post","status-publish","format-standard","has-post-thumbnail","hentry","category-cronica"],"_links":{"self":[{"href":"https:\/\/www.radiopresidenteibanez.cl\/web\/wp-json\/wp\/v2\/posts\/3217","targetHints":{"allow":["GET"]}}],"collection":[{"href":"https:\/\/www.radiopresidenteibanez.cl\/web\/wp-json\/wp\/v2\/posts"}],"about":[{"href":"https:\/\/www.radiopresidenteibanez.cl\/web\/wp-json\/wp\/v2\/types\/post"}],"author":[{"embeddable":true,"href":"https:\/\/www.radiopresidenteibanez.cl\/web\/wp-json\/wp\/v2\/users\/2"}],"replies":[{"embeddable":true,"href":"https:\/\/www.radiopresidenteibanez.cl\/web\/wp-json\/wp\/v2\/comments?post=3217"}],"version-history":[{"count":0,"href":"https:\/\/www.radiopresidenteibanez.cl\/web\/wp-json\/wp\/v2\/posts\/3217\/revisions"}],"wp:featuredmedia":[{"embeddable":true,"href":"https:\/\/www.radiopresidenteibanez.cl\/web\/wp-json\/wp\/v2\/media\/3218"}],"wp:attachment":[{"href":"https:\/\/www.radiopresidenteibanez.cl\/web\/wp-json\/wp\/v2\/media?parent=3217"}],"wp:term":[{"taxonomy":"category","embeddable":true,"href":"https:\/\/www.radiopresidenteibanez.cl\/web\/wp-json\/wp\/v2\/categories?post=3217"},{"taxonomy":"post_tag","embeddable":true,"href":"https:\/\/www.radiopresidenteibanez.cl\/web\/wp-json\/wp\/v2\/tags?post=3217"}],"curies":[{"name":"wp","href":"https:\/\/api.w.org\/{rel}","templated":true}]}}