{"id":32155,"date":"2022-08-22T18:16:00","date_gmt":"2022-08-22T21:16:00","guid":{"rendered":"https:\/\/www.radiopresidenteibanez.cl\/web\/?p=32155"},"modified":"2022-08-22T17:09:19","modified_gmt":"2022-08-22T20:09:19","slug":"gracias-al-programa-quiero-mi-barrio-ninos-y-ninas-de-barrios-natalinos-siguen-celebrando-su-ninez","status":"publish","type":"post","link":"https:\/\/www.radiopresidenteibanez.cl\/web\/gracias-al-programa-quiero-mi-barrio-ninos-y-ninas-de-barrios-natalinos-siguen-celebrando-su-ninez\/","title":{"rendered":"GRACIAS AL PROGRAMA QUIERO MI BARRIO NI\u00d1OS Y NI\u00d1AS DE BARRIOS NATALINOS  SIGUEN CELEBRANDO SU NI\u00d1EZ"},"content":{"rendered":"\n<p>El s\u00e1bado 20 de\nagosto en la junta de vecinal n\u00b0 16 se llev\u00f3 a cabo una entretenida \u201cTarde de\nJuegos\u201d organizada por el Programa Quiero mi Barrio, en uno de los barrios\nintervenidos por el Programa: Natales Antiguo &#8211; Poblaci\u00f3n Estadio.<\/p>\n\n\n\n<p>Este Programa es\nfinanciado por Ministerio de Vivienda y Urbanismo en convenio con la Ilustre\nMunicipalidad de Natales y es ejecutado a trav\u00e9s de la Direcci\u00f3n de Desarrollo\nComunitario (DIDECO).<\/p>\n\n\n\n<p>La actividad se\nenmarc\u00f3 en el mes de celebraci\u00f3n del ni\u00f1o y de la ni\u00f1a, con motivo de generar\ninstancias que permitan el encuentro entre los integrantes de menor rango\netario de los barrios Natales Antiguo y Poblaci\u00f3n Estadio, de esta forma, se\nposibilita que se conozcan e interact\u00faen, a trav\u00e9s de juegos l\u00fadicos. <\/p>\n\n\n\n<p>Por otro lado,\nla iniciativa es parte del eje seguridad del Plan de Gesti\u00f3n Social, para\nmitigar los efectos negativos producidos por la pandemia en cuanto a la salud\nmental.<\/p>\n\n\n\n<p>El taller estuvo\nacompa\u00f1ado por el monitor, Nicol\u00e1s Huerta, uno de los socios del primer\nboarding caf\u00e9 de la Patagonia: \u201cLudop\u00eda\u201d, quienes promueven los juegos de mesa\ncomo una experiencia de encuentro y de intercambio de culturas e ideas.\nNicol\u00e1s, dirigi\u00f3 la\njornada y facilit\u00f3 varios juegos de su ludoteca, los que pudieron ser\ndisfrutados por 31 ni\u00f1os y ni\u00f1as de los Barrios Natales Antiguo &#8211; Poblaci\u00f3n Estadio,\nentre los 6 y 17 a\u00f1os de edad, junto con algunos padres y madres que\nacompa\u00f1aron la instancia.&nbsp;<\/p>\n\n\n\n<p>Consultado el psic\u00f3logo de \u201cLudop\u00eda\u201d Nicol\u00e1s Huerta Lago\nsubray\u00f3 que \u201clos ni\u00f1os y ni\u00f1as adhirieron muy bien a la propuesta del Programa\nQuiero mi Barrio, que por lo dem\u00e1s se ligan con los objetivos que desde Ludop\u00eda\nqueremos impulsar que no solamente tienen que ver con estimular una cultura del\njuego en la comunidad, sino adem\u00e1s propiciar espacios de ocio y tiempo libre\nadecuados que permitan el desarrollo de distintas habilidades para ni\u00f1os y\nni\u00f1as que tienen el tiempo para ello. Nos gust\u00f3 mucho la actividad que fue todo\nun \u00e9xito y por supuesto estamos dispuestos a seguir trabajando en conjunto si\nas\u00ed lo requieren\u201d.\n\nAl finalizar la actividad, se sortearon cuatro\njuegos de mesa entre los participantes y, luego se comparti\u00f3 una peque\u00f1a once\npara dar t\u00e9rmino. Todos los asistentes se mostraron muy felices por la\nexperiencia de entretenci\u00f3n, participaci\u00f3n y convivencia que les posibilit\u00f3 el\nPrograma\n\n\n\n<\/p>\n","protected":false},"excerpt":{"rendered":"<p>El s\u00e1bado 20 de agosto en la junta de vecinal n\u00b0 16 se llev\u00f3 a cabo una entretenida \u201cTarde de Juegos\u201d organizada por el Programa Quiero mi Barrio, en uno&#8230; <a class=\"read-more\" href=\"https:\/\/www.radiopresidenteibanez.cl\/web\/gracias-al-programa-quiero-mi-barrio-ninos-y-ninas-de-barrios-natalinos-siguen-celebrando-su-ninez\/\">Leer m\u00e1s<\/a><\/p>\n","protected":false},"author":2,"featured_media":32156,"comment_status":"closed","ping_status":"closed","sticky":false,"template":"","format":"standard","meta":{"footnotes":""},"categories":[1],"tags":[],"class_list":["post-32155","post","type-post","status-publish","format-standard","has-post-thumbnail","hentry","category-cronica"],"_links":{"self":[{"href":"https:\/\/www.radiopresidenteibanez.cl\/web\/wp-json\/wp\/v2\/posts\/32155","targetHints":{"allow":["GET"]}}],"collection":[{"href":"https:\/\/www.radiopresidenteibanez.cl\/web\/wp-json\/wp\/v2\/posts"}],"about":[{"href":"https:\/\/www.radiopresidenteibanez.cl\/web\/wp-json\/wp\/v2\/types\/post"}],"author":[{"embeddable":true,"href":"https:\/\/www.radiopresidenteibanez.cl\/web\/wp-json\/wp\/v2\/users\/2"}],"replies":[{"embeddable":true,"href":"https:\/\/www.radiopresidenteibanez.cl\/web\/wp-json\/wp\/v2\/comments?post=32155"}],"version-history":[{"count":0,"href":"https:\/\/www.radiopresidenteibanez.cl\/web\/wp-json\/wp\/v2\/posts\/32155\/revisions"}],"wp:featuredmedia":[{"embeddable":true,"href":"https:\/\/www.radiopresidenteibanez.cl\/web\/wp-json\/wp\/v2\/media\/32156"}],"wp:attachment":[{"href":"https:\/\/www.radiopresidenteibanez.cl\/web\/wp-json\/wp\/v2\/media?parent=32155"}],"wp:term":[{"taxonomy":"category","embeddable":true,"href":"https:\/\/www.radiopresidenteibanez.cl\/web\/wp-json\/wp\/v2\/categories?post=32155"},{"taxonomy":"post_tag","embeddable":true,"href":"https:\/\/www.radiopresidenteibanez.cl\/web\/wp-json\/wp\/v2\/tags?post=32155"}],"curies":[{"name":"wp","href":"https:\/\/api.w.org\/{rel}","templated":true}]}}