{"id":32152,"date":"2022-08-22T17:02:13","date_gmt":"2022-08-22T20:02:13","guid":{"rendered":"https:\/\/www.radiopresidenteibanez.cl\/web\/?p=32152"},"modified":"2022-08-22T17:02:21","modified_gmt":"2022-08-22T20:02:21","slug":"autoridades-regionales-destacan-avances-en-concrecion-de-registro-de-deudores-de-alimentos","status":"publish","type":"post","link":"https:\/\/www.radiopresidenteibanez.cl\/web\/autoridades-regionales-destacan-avances-en-concrecion-de-registro-de-deudores-de-alimentos\/","title":{"rendered":"AUTORIDADES REGIONALES DESTACAN AVANCES EN CONCRECI\u00d3N DE REGISTRO DE DEUDORES DE ALIMENTOS"},"content":{"rendered":"\n<p>Cien\npor ciento en l\u00ednea ser\u00e1 el nuevo Registro Nacional de Deudores de Pensiones de\nAlimentos, cuya ley -que lo crea- fue publicada el 18 de noviembre de 2021, y el\ncual estar\u00e1 administrado por el Servicio de Registro Civil e Identificaci\u00f3n.\nEste mecanismo complementa de forma significativa el proyecto de Ley sobre\nResponsabilidad Parental y pago efectivo de pensiones, y se encargar\u00e1 de\ninscribir a todos los deudores alimentarios morosos, y dejar\u00e1 atr\u00e1s la l\u00f3gica\nde las antiguas sanciones punitivas (arrestos), que no ten\u00edan efecto alguno en\naquellos alimentantes impagos de larga data.<\/p>\n\n\n\n<p>El\nproyecto de ley establece un mecanismo permanente para el cobro de pensiones de\nalimentos cuando a la persona alimentaria se le adeuda un n\u00famero determinados\nde mensualidades. El pago de la deuda se realizar\u00e1 mediante los fondos que el\nalimentante tenga en sus cuentas bancarias, instrumentos de inversi\u00f3n y\nfinancieros, y en las cuentas de ahorro previsional voluntario.<\/p>\n\n\n\n<p>En\nel caso de que no existan fondos en tales instrumentos, o sean insuficientes\npara saldar la deuda, se pagar\u00e1 mediante los fondos que existan en la cuenta de\ncapitalizaci\u00f3n individual de cotizaciones obligatoria, es decir, los fondos de\nAFP. El seremi de Gobierno, Arturo D\u00edaz, explic\u00f3 que este avance en materia de\nprotecci\u00f3n para la mujer y la infancia se enmarca dentro de nuestro programa de\nGobierno que propende a igualdad de derechos, deberes y oportunidades tanto para\nhombres como para mujeres, y para nosotros como Gobierno, es un imperativo\n\u00e9tico avanzar en esa direcci\u00f3n.<\/p>\n\n\n\n<p>La seremi\nde Justicia y Derechos Humanos Michelle Peutat se mostr\u00f3 contenta con el\ntrabajo que vienen realizando con la Serem\u00eda de la Mujer y la Equidad de\nG\u00e9nero, destacando que ya se dio inicio al proceso de enrolamiento para crear\nel nuevo Registro de Deudores de Pensiones de Alimentos: \u201cEste ser\u00e1\nadministrado por el Registro Civil, donde se encontrar\u00e1n diversas instituciones\np\u00fablicas y privadas para poder proceder al pago de pensiones de alimentos\ncuando \u00e9stas se adeuden producto de tres meses consecutivos de deuda o cinco\nmeses discontinuos\u201d.<\/p>\n\n\n\n<p>A su\nvez, la Seremi de Alejandra Ruiz resalt\u00f3 que \u201cpara nosotros como gobierno es\nimportante garantizar el derecho de las infancias. Este es un paso muy\nimportante, ya que sabemos que las mujeres se llevan la mayor carga, al tener\nque estar a cargo del cuidado de las ni\u00f1eces. Es por eso que nuestro gobierno\nle ha dado suma urgencia a este proyecto de ley, de tal manera de garantizar el\npago efectivo de las pensiones alimenticias\u201d.<\/p>\n\n\n\n<p>Como\npeque\u00f1o bot\u00f3n de muestra, s\u00f3lo la Corporaci\u00f3n de Asistencia Judicial (CAJ)\nregistra un total de 90 causas judicializadas de cumplimientos de alimentos en\ntramitaci\u00f3n del 1 de enero al 31 de julio de 2022. De todas ellas, 37\ncorresponden a mujeres en calidad de demandante, pero aqu\u00ed cabe se\u00f1alar que la\nCAJ ha recibido este a\u00f1o m\u00e1s solicitudes de defensa en este tipo de\nrequerimientos y, por otro lado, existe la plataforma del Poder Judicial, que\npermite hacer la solicitud del cumplimiento de los alimentos sin necesidad de\nabogado.<\/p>\n\n\n\n<p>Al\nrespecto, las autoridades dejaron entrever que hay una importante \u201ccifra negra\u201d\nde mujeres que hoy en d\u00eda no hacen la denuncia ante la inexistencia de\nmecanismos efectivos, pero lo cual ser\u00e1 subsanado con la implementaci\u00f3n de esta\nmedida.<\/p>\n\n\n\n<p>Una\nvez operativo el Registro, su n\u00f3mina electr\u00f3nica ser\u00e1 actualizada mensualmente\npor el tribunal, y s\u00f3lo se podr\u00e1 salir de \u00e9l cuando se pague la totalidad de la\ndeuda, o cuando se llegue a un acuerdo judicial que garantice el pago.\n\u00danicamente un Tribunal de Familia podr\u00e1 eliminar del Registro a un deudor.<\/p>\n","protected":false},"excerpt":{"rendered":"<p>Cien por ciento en l\u00ednea ser\u00e1 el nuevo Registro Nacional de Deudores de Pensiones de Alimentos, cuya ley -que lo crea- fue publicada el 18 de noviembre de 2021, y&#8230; <a class=\"read-more\" href=\"https:\/\/www.radiopresidenteibanez.cl\/web\/autoridades-regionales-destacan-avances-en-concrecion-de-registro-de-deudores-de-alimentos\/\">Leer m\u00e1s<\/a><\/p>\n","protected":false},"author":2,"featured_media":32153,"comment_status":"closed","ping_status":"closed","sticky":false,"template":"","format":"standard","meta":{"footnotes":""},"categories":[1],"tags":[],"class_list":["post-32152","post","type-post","status-publish","format-standard","has-post-thumbnail","hentry","category-cronica"],"_links":{"self":[{"href":"https:\/\/www.radiopresidenteibanez.cl\/web\/wp-json\/wp\/v2\/posts\/32152","targetHints":{"allow":["GET"]}}],"collection":[{"href":"https:\/\/www.radiopresidenteibanez.cl\/web\/wp-json\/wp\/v2\/posts"}],"about":[{"href":"https:\/\/www.radiopresidenteibanez.cl\/web\/wp-json\/wp\/v2\/types\/post"}],"author":[{"embeddable":true,"href":"https:\/\/www.radiopresidenteibanez.cl\/web\/wp-json\/wp\/v2\/users\/2"}],"replies":[{"embeddable":true,"href":"https:\/\/www.radiopresidenteibanez.cl\/web\/wp-json\/wp\/v2\/comments?post=32152"}],"version-history":[{"count":0,"href":"https:\/\/www.radiopresidenteibanez.cl\/web\/wp-json\/wp\/v2\/posts\/32152\/revisions"}],"wp:featuredmedia":[{"embeddable":true,"href":"https:\/\/www.radiopresidenteibanez.cl\/web\/wp-json\/wp\/v2\/media\/32153"}],"wp:attachment":[{"href":"https:\/\/www.radiopresidenteibanez.cl\/web\/wp-json\/wp\/v2\/media?parent=32152"}],"wp:term":[{"taxonomy":"category","embeddable":true,"href":"https:\/\/www.radiopresidenteibanez.cl\/web\/wp-json\/wp\/v2\/categories?post=32152"},{"taxonomy":"post_tag","embeddable":true,"href":"https:\/\/www.radiopresidenteibanez.cl\/web\/wp-json\/wp\/v2\/tags?post=32152"}],"curies":[{"name":"wp","href":"https:\/\/api.w.org\/{rel}","templated":true}]}}