{"id":32143,"date":"2022-08-22T09:26:00","date_gmt":"2022-08-22T12:26:00","guid":{"rendered":"https:\/\/www.radiopresidenteibanez.cl\/web\/?p=32143"},"modified":"2022-08-22T08:29:47","modified_gmt":"2022-08-22T11:29:47","slug":"aautoridades-del-minvu-inspeccionaron-obras-de-pavimentacion-en-cerro-sombrero-junto-al-alcalde-de-primavera","status":"publish","type":"post","link":"https:\/\/www.radiopresidenteibanez.cl\/web\/aautoridades-del-minvu-inspeccionaron-obras-de-pavimentacion-en-cerro-sombrero-junto-al-alcalde-de-primavera\/","title":{"rendered":"AAUTORIDADES DEL MINVU INSPECCIONARON OBRAS DE  PAVIMENTACION EN CERRO SOMBRERO JUNTO AL ALCALDE DE PRIMAVERA"},"content":{"rendered":"\n<p>Sobre la visita de inspecci\u00f3n el&nbsp;<strong>Seremi Marco Uribe Saldivia<\/strong>&nbsp;indic\u00f3&nbsp;<strong>\u201cRevisamos los pavimentos participativos que se han realizado con un avance bastante considerable y todo en pos del desarrollo de la comuna, con varias calles que se est\u00e1n trabajando en paralelo, algunas con un avance de alrededor de un 90 por ciento, otras un 70 y algunas comenzando, por lo que el global debiese estar terminado a marzo del pr\u00f3ximo a\u00f1o de acuerdo a los plazos del contrato\u201d.<\/strong><\/p>\n\n\n\n<p>Las obras en las comunas de Primavera y Porvenir cuentan con una inversi\u00f3n de 3342 millones de pesos del Ministerio de Vivienda y Urbanismo, con un aporte municipal y vecinal. En Cerro Sombrero, consideran la construcci\u00f3n de calzadas, aceras normales y reforzadas en calles Fernando Salas, Jorge Pacheco, Prolongaci\u00f3n Magallanes, Ponderosa, 29 de diciembre, calle Plaza y Carlos Chac\u00f3n. Lo anterior se complementa con demarcaci\u00f3n de pavimentos, evacuaci\u00f3n de aguas lluvias y muros de contenci\u00f3n en algunas vialidades.<\/p>\n\n\n\n<p>Por su parte el&nbsp;<strong>alcalde Blagomir Brztilo<\/strong>&nbsp;se\u00f1al\u00f3&nbsp;<strong>\u201cPara nosotros ha sido un gusto recibir a nuestro Seremi de Vivienda y Urbanismo, tambi\u00e9n al director (S) del Serviu y sus equipos t\u00e9cnicos que han estado en nuestra comuna. Pudimos visitar todas las obras de pavimentaci\u00f3n participativa que se est\u00e1n llevando a cabo. Estamos muy contentos por tener la presencia de las autoridades regionales en el territorio para que conozcan nuestra realidad y se interioricen de nuestras problem\u00e1ticas e ideas de proyectos ya que no es lo mismo mirar a distancia a conocer en terreno\u201d.<\/strong><\/p>\n\n\n\n<p>La pavimentaci\u00f3n, mejora la calidad de vida de los habitantes del poblado, principalmente en \u00e9poca invernal y, adem\u00e1s, permite destacar obras ic\u00f3nicas de la arquitectura moderna de Cerro Sombrero tales como su cine, centro deportivo e iglesia.<\/p>\n\n\n\n<p>El alcalde adelant\u00f3 que esperan postular nuevas calles al presente Llamado del programa de Pavimentaci\u00f3n Participativa del Minvu, esperando llegar al 90 o 100 por ciento de calles pavimentadas al t\u00e9rmino de su mandato comunal.<\/p>\n\n\n\n<p><strong>Formulaci\u00f3n de proyecto habitacional<\/strong><\/p>\n\n\n\n<p>Otro de los objetivos de la visita fue conocer los avances que registra la Municipalidad en la elaboraci\u00f3n de un proyecto de 60 viviendas sin deuda para familias de la agrupaci\u00f3n Pioneros, el cual esperan ingresar durante el presente a\u00f1o al Serviu para su calificaci\u00f3n y posterior postulaci\u00f3n a subsidios del Programa Fondo Solidario de Elecci\u00f3n de Vivienda DS49.<\/p>\n\n\n\n<p>Fue as\u00ed que las autoridades visitaron el emplazamiento del futuro proyecto habitacional, en tanto la pr\u00f3xima semana se va a realizar una nueva reuni\u00f3n en Punta Arenas entre profesionales de la Seremi Minvu, el Serviu, la Municipalidad de Primavera y la Entidad Patrocinante que est\u00e1 formulando el proyecto.<\/p>\n\n\n\n<p>Respecto a este tema, el&nbsp;<strong>Director Regional (S)del Serviu, Omar Gonz\u00e1lez<\/strong>&nbsp;se\u00f1al\u00f3&nbsp;<strong>\u201cJunto con inspeccionar los pavimentos participativos, nos reunimos con el Alcalde a fin de ir aterrizando cu\u00e1l es el proyecto que est\u00e1n ideando y que, en definitiva, la Entidad Patrocinante que lo est\u00e1 desarrollando lo pueda ingresar al Serviu. La idea es que los profesionales de nuestro departamento t\u00e9cnico los asesoren y puedan prontamente presentar este proyecto\u201d.<\/strong><\/p>\n\n\n\n<p>Al respecto, el&nbsp;<strong>Alcalde Brztilo<\/strong>&nbsp;concluy\u00f3&nbsp;<strong>\u201cSin duda van a venir muchas reuniones m\u00e1s, estamos viendo una voluntad distinta, de que las cosas se concreten y se hagan bien y ese es un trabajo en conjunto entre las autoridades regionales, comunales y la agrupaci\u00f3n de vivienda\u201d<\/strong><\/p>\n","protected":false},"excerpt":{"rendered":"<p>Sobre la visita de inspecci\u00f3n el&nbsp;Seremi Marco Uribe Saldivia&nbsp;indic\u00f3&nbsp;\u201cRevisamos los pavimentos participativos que se han realizado con un avance bastante considerable y todo en pos del desarrollo de la comuna,&#8230; <a class=\"read-more\" href=\"https:\/\/www.radiopresidenteibanez.cl\/web\/aautoridades-del-minvu-inspeccionaron-obras-de-pavimentacion-en-cerro-sombrero-junto-al-alcalde-de-primavera\/\">Leer m\u00e1s<\/a><\/p>\n","protected":false},"author":2,"featured_media":32144,"comment_status":"closed","ping_status":"closed","sticky":false,"template":"","format":"standard","meta":{"footnotes":""},"categories":[1],"tags":[],"class_list":["post-32143","post","type-post","status-publish","format-standard","has-post-thumbnail","hentry","category-cronica"],"_links":{"self":[{"href":"https:\/\/www.radiopresidenteibanez.cl\/web\/wp-json\/wp\/v2\/posts\/32143","targetHints":{"allow":["GET"]}}],"collection":[{"href":"https:\/\/www.radiopresidenteibanez.cl\/web\/wp-json\/wp\/v2\/posts"}],"about":[{"href":"https:\/\/www.radiopresidenteibanez.cl\/web\/wp-json\/wp\/v2\/types\/post"}],"author":[{"embeddable":true,"href":"https:\/\/www.radiopresidenteibanez.cl\/web\/wp-json\/wp\/v2\/users\/2"}],"replies":[{"embeddable":true,"href":"https:\/\/www.radiopresidenteibanez.cl\/web\/wp-json\/wp\/v2\/comments?post=32143"}],"version-history":[{"count":0,"href":"https:\/\/www.radiopresidenteibanez.cl\/web\/wp-json\/wp\/v2\/posts\/32143\/revisions"}],"wp:featuredmedia":[{"embeddable":true,"href":"https:\/\/www.radiopresidenteibanez.cl\/web\/wp-json\/wp\/v2\/media\/32144"}],"wp:attachment":[{"href":"https:\/\/www.radiopresidenteibanez.cl\/web\/wp-json\/wp\/v2\/media?parent=32143"}],"wp:term":[{"taxonomy":"category","embeddable":true,"href":"https:\/\/www.radiopresidenteibanez.cl\/web\/wp-json\/wp\/v2\/categories?post=32143"},{"taxonomy":"post_tag","embeddable":true,"href":"https:\/\/www.radiopresidenteibanez.cl\/web\/wp-json\/wp\/v2\/tags?post=32143"}],"curies":[{"name":"wp","href":"https:\/\/api.w.org\/{rel}","templated":true}]}}