{"id":3214,"date":"2019-04-10T14:53:22","date_gmt":"2019-04-10T14:53:22","guid":{"rendered":"http:\/\/www.radiopresidenteibanez.cl\/web\/?p=3214"},"modified":"2019-04-10T14:54:01","modified_gmt":"2019-04-10T14:54:01","slug":"dos-hijos-de-trabajadores-de-la-construccion-reciben-becas-de-excelencia-academica-de-la-cchc","status":"publish","type":"post","link":"https:\/\/www.radiopresidenteibanez.cl\/web\/dos-hijos-de-trabajadores-de-la-construccion-reciben-becas-de-excelencia-academica-de-la-cchc\/","title":{"rendered":"DOS HIJOS DE TRABAJADORES DE LA CONSTRUCCI\u00d3N RECIBEN BECAS DE EXCELENCIA ACAD\u00c9MICA DE LA CCHC"},"content":{"rendered":"\n<p>La C\u00e1mara Chilena de la Construcci\u00f3n Punta Arenas, a trav\u00e9s de su Fundaci\u00f3n Social, entreg\u00f3 dos becas de Excelencia Acad\u00e9mica a hijos de trabajadores de empresas socias que obtuvieron resultados destacados en Octavo B\u00e1sico.<\/p>\n\n\n\n<p>La Beca Excelencia Acad\u00e9mica cubre hasta el 90% del arancel del colegio, incluyendo mensualidad y matr\u00edcula, durante toda la Ense\u00f1anza Media del becado. Adem\u00e1s, brinda un apoyo educativo, de reforzamiento a los alumnos destacados desde primero a cuarto medio. Al obtener esta Beca, los estudiantes tambi\u00e9n optan a la continuidad del beneficio, para la Beca Educaci\u00f3n Superior, que tambi\u00e9n entrega la Fundaci\u00f3n Social de la C\u00e1mara. Finalmente, los dos estudiantes recibieron un premio de 3 UF como incentivo econ\u00f3mico adicional.<\/p>\n\n\n\n<p>\u201cLa C\u00e1mara Chilena de la Construcci\u00f3n ha definido que la educaci\u00f3n es uno de los focos de su acci\u00f3n social y esta Beca va justamente alineada con la estrategia de nuestro gremio, de apoyar el mejoramiento de la calidad de vida de los trabajadores de la construcci\u00f3n y de sus familias. Este a\u00f1o, en nuestra Regi\u00f3n beneficiar\u00e1 a dos alumnos. Hace a\u00f1os que no ten\u00edamos premiados ac\u00e1 en Punta Arenas, as\u00ed que estamos muy felices por ello\u201d, indic\u00f3 Jos\u00e9 Alvarado Mansilla, Presidente de C\u00e1mara de Punta Arenas.<\/p>\n\n\n\n<p>Una de las beneficiarias fue Sof\u00eda Vidal Concha, quien es hija de un trabajador de Aguas Magallanes, empresa socia CChC Punta Arenas. Sof\u00eda obtuvo un promedio de 6,7 en Octavo B\u00e1sico en el Liceo Mar\u00eda Auxiliadora.<\/p>\n\n\n\n<p>\u201cEstoy muy feliz, muy contenta, porque es una gran experiencia. Qu\u00e9 bueno que se premien estas cosas del colegio. Me parece s\u00faper bien que si sigo con buenas notas puedo mantener el beneficio\u201d, se\u00f1al\u00f3 entusiasta Sof\u00eda Vidal.<\/p>\n\n\n\n<p>Christian Adema, gerente de Aguas Magallanes e integrante del Consejo Regional de CChC Punta Arenas, valor\u00f3 estos beneficios para los trabajadores de la construcci\u00f3n.<\/p>\n\n\n\n<figure class=\"wp-block-image\"><img loading=\"lazy\" decoding=\"async\" width=\"900\" height=\"600\" src=\"https:\/\/www.radiopresidenteibanez.cl\/web\/wp-content\/uploads\/2019\/04\/Fotos-Ceremonia-Excelencia-Acad\u00e9mica-08-04-2019-12.jpg\" alt=\"\" class=\"wp-image-3215\" srcset=\"https:\/\/www.radiopresidenteibanez.cl\/web\/wp-content\/uploads\/2019\/04\/Fotos-Ceremonia-Excelencia-Acad\u00e9mica-08-04-2019-12.jpg 900w, https:\/\/www.radiopresidenteibanez.cl\/web\/wp-content\/uploads\/2019\/04\/Fotos-Ceremonia-Excelencia-Acad\u00e9mica-08-04-2019-12-300x200.jpg 300w, https:\/\/www.radiopresidenteibanez.cl\/web\/wp-content\/uploads\/2019\/04\/Fotos-Ceremonia-Excelencia-Acad\u00e9mica-08-04-2019-12-768x512.jpg 768w\" sizes=\"auto, (max-width: 900px) 100vw, 900px\" \/><\/figure>\n\n\n\n<p>\u201cMe parece maravillosa esta Beca que dura cuatro a\u00f1os si se mantiene un buen promedio de notas. Estamos muy contentos de que nuestros trabajadores pueden desarrollar a sus hijos con la ayuda de la C\u00e1mara Chilena de la Construcci\u00f3n y de una empresa como nosotros que somos socios de CChC Punta Arenas\u201d, declar\u00f3 Adema.<\/p>\n\n\n\n<p>Lucas Urrutia Henr\u00edquez, quien es hijo de Miguel Urrutia Torres, trabajador del \u00e1rea de la construcci\u00f3n en Punta Arenas, tambi\u00e9n recibi\u00f3 la Beca Excelencia Acad\u00e9mica. Lucas obtuvo un 6,5 de promedio en Octavo B\u00e1sico de la Escuela Villa Las Nieves, y ahora cursa Primero Medio en Colegio Miguel de Cervantes.<\/p>\n\n\n\n<p>\u201cEstuve esforz\u00e1ndome al m\u00e1ximo para obtener este beneficio. Me siento muy orgulloso, ya que todo forma parte de mi esfuerzo para llegar ahora a obtener este beneficio\u201d, coment\u00f3 Lucas Urrutia.\u00a0<br><\/p>\n","protected":false},"excerpt":{"rendered":"<p>La C\u00e1mara Chilena de la Construcci\u00f3n Punta Arenas, a trav\u00e9s de su Fundaci\u00f3n Social, entreg\u00f3 dos becas de Excelencia Acad\u00e9mica a hijos de trabajadores de empresas socias que obtuvieron resultados&#8230; <a class=\"read-more\" href=\"https:\/\/www.radiopresidenteibanez.cl\/web\/dos-hijos-de-trabajadores-de-la-construccion-reciben-becas-de-excelencia-academica-de-la-cchc\/\">Leer m\u00e1s<\/a><\/p>\n","protected":false},"author":2,"featured_media":3215,"comment_status":"closed","ping_status":"closed","sticky":false,"template":"","format":"standard","meta":{"footnotes":""},"categories":[1],"tags":[],"class_list":["post-3214","post","type-post","status-publish","format-standard","has-post-thumbnail","hentry","category-cronica"],"_links":{"self":[{"href":"https:\/\/www.radiopresidenteibanez.cl\/web\/wp-json\/wp\/v2\/posts\/3214","targetHints":{"allow":["GET"]}}],"collection":[{"href":"https:\/\/www.radiopresidenteibanez.cl\/web\/wp-json\/wp\/v2\/posts"}],"about":[{"href":"https:\/\/www.radiopresidenteibanez.cl\/web\/wp-json\/wp\/v2\/types\/post"}],"author":[{"embeddable":true,"href":"https:\/\/www.radiopresidenteibanez.cl\/web\/wp-json\/wp\/v2\/users\/2"}],"replies":[{"embeddable":true,"href":"https:\/\/www.radiopresidenteibanez.cl\/web\/wp-json\/wp\/v2\/comments?post=3214"}],"version-history":[{"count":0,"href":"https:\/\/www.radiopresidenteibanez.cl\/web\/wp-json\/wp\/v2\/posts\/3214\/revisions"}],"wp:featuredmedia":[{"embeddable":true,"href":"https:\/\/www.radiopresidenteibanez.cl\/web\/wp-json\/wp\/v2\/media\/3215"}],"wp:attachment":[{"href":"https:\/\/www.radiopresidenteibanez.cl\/web\/wp-json\/wp\/v2\/media?parent=3214"}],"wp:term":[{"taxonomy":"category","embeddable":true,"href":"https:\/\/www.radiopresidenteibanez.cl\/web\/wp-json\/wp\/v2\/categories?post=3214"},{"taxonomy":"post_tag","embeddable":true,"href":"https:\/\/www.radiopresidenteibanez.cl\/web\/wp-json\/wp\/v2\/tags?post=3214"}],"curies":[{"name":"wp","href":"https:\/\/api.w.org\/{rel}","templated":true}]}}