{"id":32068,"date":"2022-08-19T11:00:00","date_gmt":"2022-08-19T14:00:00","guid":{"rendered":"https:\/\/www.radiopresidenteibanez.cl\/web\/?p=32068"},"modified":"2022-08-19T08:13:31","modified_gmt":"2022-08-19T11:13:31","slug":"100-anos-de-radio-en-chile","status":"publish","type":"post","link":"https:\/\/www.radiopresidenteibanez.cl\/web\/100-anos-de-radio-en-chile\/","title":{"rendered":"100 A\u00d1OS DE RADIO EN CHILE"},"content":{"rendered":"\n<p>Saludamos a todas y todos nuestros colegas Radiales en este dia especial<\/p>\n\n\n\n<p>Al cumplirse el centenario de la radiodifusi\u00f3n\nchilena, Chilevoces se prepara con cuatro\npaneles de conversaci\u00f3n junto a destacados locutores y locutoras nacionales que\nse han consagrado en el micr\u00f3fono, con el objetivo de conocer su trayectoria y\ncompartir experiencias con la comunidad.<\/p>\n\n\n\n<p>La\njornada comenzar\u00e1 este s\u00e1bado 20 de agosto a las 10:00 horas con el\nconversatorio \u201cLa radio que vivimos\u201d junto a hist\u00f3ricos de la radiodifusi\u00f3n\ncomo <em>Rodolfo Herrera, Cristi\u00e1n\nFontecilla, Helmuth Lohs, Vladimiro Mimica y Miguel Davagnino<\/em>, quienes\nabordar\u00e1n&nbsp; sus experiencias y trayectoria\ncomo voces que han marcado este medio en Chile.<\/p>\n\n\n\n<p>Posteriormente,\na las 13:00 horas, las voces femeninas tendr\u00e1n su espacio en \u201cFM Frecuencia\nMujeres a 100 a\u00f1os de la Radio en Chile\u201d con <em>Mary Rogers, Camila Monreal, Edith de la Rosa, Catalina Telias, Leonor\nLa Rivera y Majo Torrealba<\/em>, mujeres que se destacan por su voz y talento,\nquienes contar\u00e1n sus vivencias radiales.<\/p>\n\n\n\n<p>A\nlas 16:00 horas, es el turno de los socios y socias en \u201cChilevoces: Voces de\nChile\u201d con reconocidos miembros de nuestra asociaci\u00f3n gremial como <em>Fernando Sol\u00eds, Patricio Guti\u00e9rrez, Jaime\nDavagnino, Alberto G\u00f3mez, Nidia Milla y Marcelo Liapiz.<\/em><\/p>\n\n\n\n<p>El\nbroche de oro ser\u00e1 a las 19:00 horas con el conversatorio \u201cEl esp\u00edritu de la\nradio en la televisi\u00f3n\u201d con voces que pasaron del radio receptor a la pantalla\nchica como <em>Rodolfo Roth, Jorge Aedo,\nRolando Ramos, Evelyn Bravo y Cristi\u00e1n \u201cChico\u201d P\u00e9rez.<\/em><\/p>\n\n\n\n<p>Estos\neventos se transmitir\u00e1n para todo el p\u00fablico a trav\u00e9s del canal oficial de Chilevoces\nen YouTube <a href=\"http:\/\/www.youtube.com\/asociacionchilevoces\">www.youtube.com\/asociacionchilevoces<\/a>. <\/p>\n","protected":false},"excerpt":{"rendered":"<p>Saludamos a todas y todos nuestros colegas Radiales en este dia especial Al cumplirse el centenario de la radiodifusi\u00f3n chilena, Chilevoces se prepara con cuatro paneles de conversaci\u00f3n junto a&#8230; <a class=\"read-more\" href=\"https:\/\/www.radiopresidenteibanez.cl\/web\/100-anos-de-radio-en-chile\/\">Leer m\u00e1s<\/a><\/p>\n","protected":false},"author":2,"featured_media":32069,"comment_status":"closed","ping_status":"closed","sticky":false,"template":"","format":"standard","meta":{"footnotes":""},"categories":[1],"tags":[],"class_list":["post-32068","post","type-post","status-publish","format-standard","has-post-thumbnail","hentry","category-cronica"],"_links":{"self":[{"href":"https:\/\/www.radiopresidenteibanez.cl\/web\/wp-json\/wp\/v2\/posts\/32068","targetHints":{"allow":["GET"]}}],"collection":[{"href":"https:\/\/www.radiopresidenteibanez.cl\/web\/wp-json\/wp\/v2\/posts"}],"about":[{"href":"https:\/\/www.radiopresidenteibanez.cl\/web\/wp-json\/wp\/v2\/types\/post"}],"author":[{"embeddable":true,"href":"https:\/\/www.radiopresidenteibanez.cl\/web\/wp-json\/wp\/v2\/users\/2"}],"replies":[{"embeddable":true,"href":"https:\/\/www.radiopresidenteibanez.cl\/web\/wp-json\/wp\/v2\/comments?post=32068"}],"version-history":[{"count":0,"href":"https:\/\/www.radiopresidenteibanez.cl\/web\/wp-json\/wp\/v2\/posts\/32068\/revisions"}],"wp:featuredmedia":[{"embeddable":true,"href":"https:\/\/www.radiopresidenteibanez.cl\/web\/wp-json\/wp\/v2\/media\/32069"}],"wp:attachment":[{"href":"https:\/\/www.radiopresidenteibanez.cl\/web\/wp-json\/wp\/v2\/media?parent=32068"}],"wp:term":[{"taxonomy":"category","embeddable":true,"href":"https:\/\/www.radiopresidenteibanez.cl\/web\/wp-json\/wp\/v2\/categories?post=32068"},{"taxonomy":"post_tag","embeddable":true,"href":"https:\/\/www.radiopresidenteibanez.cl\/web\/wp-json\/wp\/v2\/tags?post=32068"}],"curies":[{"name":"wp","href":"https:\/\/api.w.org\/{rel}","templated":true}]}}