{"id":32022,"date":"2022-08-17T15:33:50","date_gmt":"2022-08-17T18:33:50","guid":{"rendered":"https:\/\/www.radiopresidenteibanez.cl\/web\/?p=32022"},"modified":"2022-08-17T15:33:58","modified_gmt":"2022-08-17T18:33:58","slug":"literatura-y-artes-escenicas-marcan-actividades-de-mediacion-artistica-en-torno-a-exposicion-mirada-joven","status":"publish","type":"post","link":"https:\/\/www.radiopresidenteibanez.cl\/web\/literatura-y-artes-escenicas-marcan-actividades-de-mediacion-artistica-en-torno-a-exposicion-mirada-joven\/","title":{"rendered":"LITERATURA y ARTES ESCENICAS MARCAN ACTIVIDADES DE MEDIACION ARTISTICA EN TORNO A EXPOSICION \u201cMIRADA JOVEN\u201d"},"content":{"rendered":"\n<p>Recientemente se\ninici\u00f3 en Magallanes la itinerancia de la exposici\u00f3n \u201cMIRADA JOVEN: 40 A\u00d1OS DEL\nCONCURSO DE ARTE JOVEN\u201d, que re\u00fane una selecci\u00f3n de obras premiadas por el\ntradicional certamen realizado desde 1979 por la Universidad de Valpara\u00edso (UV)\ny que convoca a artistas nacionales de hasta 35 a\u00f1os. El primer punto de este\nrecorrido por siete regiones del pa\u00eds es el Museo Regional de Magallanes, donde\nse mostrar\u00e1 la exposici\u00f3n hasta el pr\u00f3ximo 29 de agosto gracias a una acci\u00f3n\ncolaborativa con la Universidad de Magallanes (UMAG).<\/p>\n\n\n\n<p>Esta actividad se\nenmarca en la Escuela de Mediaci\u00f3n Cultural que est\u00e1 llevando a cabo la casa de\nestudios y que cuenta con financiamiento del Ministerio de Educaci\u00f3n (Mineduc).\nPero, adem\u00e1s de la exposici\u00f3n en s\u00ed, se est\u00e1n realizando actividades paralelas\npara estudiantes de ense\u00f1anza media en torno al contenido de estas obras. \u201cEl\nprop\u00f3sito de estas mediaciones es que el estudiantado visite la exposici\u00f3n Arte\nJoven y a trav\u00e9s de su observaci\u00f3n, impresiones y reflexiones trabajemos en\ntorno a la escritura y el teatro\u201d, destac\u00f3 la coordinadora Nitzam\u00e9 Mayorga.<\/p>\n\n\n\n<p>Seg\u00fan inform\u00f3, se\nest\u00e1 trabajando con los estudiantes de cuarto a\u00f1o medio del Liceo \u201cPedro Pablo\nLemaitre\u201d, con una primera mediaci\u00f3n a cargo de las escritoras Rosario Chavol y\n\u00darsula Paredes, integrantes de la colectiva de \u201cVetas\u201d. El taller de Escritura\nCreativa se realiz\u00f3 los d\u00edas 10, 11 y 12 de agosto, comenzando con una visita a\nla exposici\u00f3n y continuando en dependencias del liceo.<\/p>\n\n\n\n<p>Adem\u00e1s, durante\nesta semana se estar\u00e1 llevando a cabo una mediaci\u00f3n art\u00edstica a trav\u00e9s de las\nartes esc\u00e9nicas, guiada por la actriz Indira Jim\u00e9nez. Adicionalmente, la\ncomunidad en general tendr\u00e1 la oportunidad de participar de una de estas\nactividades de mediaci\u00f3n, pues la escritora Fernanda C\u00e1rdenas M\u00e1rquez, tambi\u00e9n\nintegrante de la colectiva \u201cVetas\u201d, impartir\u00e1 un Taller Abierto de Escritura\nCreativa. Este se realizar\u00e1 el pr\u00f3ximo martes 23 de agosto a partir de las\n18.00 horas en el Museo Regional y se puede participar simplemente acudiendo al\nrecinto, al que se accede previa presentaci\u00f3n del Pase de Movilidad.<\/p>\n","protected":false},"excerpt":{"rendered":"<p>Recientemente se inici\u00f3 en Magallanes la itinerancia de la exposici\u00f3n \u201cMIRADA JOVEN: 40 A\u00d1OS DEL CONCURSO DE ARTE JOVEN\u201d, que re\u00fane una selecci\u00f3n de obras premiadas por el tradicional certamen&#8230; <a class=\"read-more\" href=\"https:\/\/www.radiopresidenteibanez.cl\/web\/literatura-y-artes-escenicas-marcan-actividades-de-mediacion-artistica-en-torno-a-exposicion-mirada-joven\/\">Leer m\u00e1s<\/a><\/p>\n","protected":false},"author":2,"featured_media":32023,"comment_status":"closed","ping_status":"closed","sticky":false,"template":"","format":"standard","meta":{"footnotes":""},"categories":[1],"tags":[],"class_list":["post-32022","post","type-post","status-publish","format-standard","has-post-thumbnail","hentry","category-cronica"],"_links":{"self":[{"href":"https:\/\/www.radiopresidenteibanez.cl\/web\/wp-json\/wp\/v2\/posts\/32022","targetHints":{"allow":["GET"]}}],"collection":[{"href":"https:\/\/www.radiopresidenteibanez.cl\/web\/wp-json\/wp\/v2\/posts"}],"about":[{"href":"https:\/\/www.radiopresidenteibanez.cl\/web\/wp-json\/wp\/v2\/types\/post"}],"author":[{"embeddable":true,"href":"https:\/\/www.radiopresidenteibanez.cl\/web\/wp-json\/wp\/v2\/users\/2"}],"replies":[{"embeddable":true,"href":"https:\/\/www.radiopresidenteibanez.cl\/web\/wp-json\/wp\/v2\/comments?post=32022"}],"version-history":[{"count":0,"href":"https:\/\/www.radiopresidenteibanez.cl\/web\/wp-json\/wp\/v2\/posts\/32022\/revisions"}],"wp:featuredmedia":[{"embeddable":true,"href":"https:\/\/www.radiopresidenteibanez.cl\/web\/wp-json\/wp\/v2\/media\/32023"}],"wp:attachment":[{"href":"https:\/\/www.radiopresidenteibanez.cl\/web\/wp-json\/wp\/v2\/media?parent=32022"}],"wp:term":[{"taxonomy":"category","embeddable":true,"href":"https:\/\/www.radiopresidenteibanez.cl\/web\/wp-json\/wp\/v2\/categories?post=32022"},{"taxonomy":"post_tag","embeddable":true,"href":"https:\/\/www.radiopresidenteibanez.cl\/web\/wp-json\/wp\/v2\/tags?post=32022"}],"curies":[{"name":"wp","href":"https:\/\/api.w.org\/{rel}","templated":true}]}}