{"id":31963,"date":"2022-08-14T19:12:00","date_gmt":"2022-08-14T22:12:00","guid":{"rendered":"https:\/\/www.radiopresidenteibanez.cl\/web\/?p=31963"},"modified":"2022-08-14T15:14:06","modified_gmt":"2022-08-14T18:14:06","slug":"autoridades-del-minvu-y-gobierno-regional-se-reunieron-con-directivas-de-agrupaciones-de-la-entidad-patrocinante-municipal-que-no-cuentan-con-proyecto-habitacional","status":"publish","type":"post","link":"https:\/\/www.radiopresidenteibanez.cl\/web\/autoridades-del-minvu-y-gobierno-regional-se-reunieron-con-directivas-de-agrupaciones-de-la-entidad-patrocinante-municipal-que-no-cuentan-con-proyecto-habitacional\/","title":{"rendered":"Autoridades del MINVU y Gobierno Regional se reunieron con directivas de agrupaciones de la Entidad Patrocinante Municipal que no cuentan con proyecto habitacional"},"content":{"rendered":"\n<p>La serie de reuniones sostenidas este viernes, tuvo por objetivo entregar respuesta a una carta presentada el 14 de julio por once agrupaciones de vivienda, de las cu\u00e1les, nueve se conformaron al alero del llamado p\u00fablico realizado por la Municipalidad de Punta Arenas en enero de 2021 y que a la fecha no cuentan con proyecto habitacional presentado.<\/p>\n\n\n\n<p>En la misiva, las agrupaciones solicitaron mantener la cantidad de viviendas entregadas en el periodo 2019-2021 en la Regi\u00f3n, ya que calificaron como insuficiente la meta de 1962 unidades establecida en el Plan de Emergencia Habitacional. Al respecto, se precis\u00f3 que la cantidad de soluciones habitacionales entregadas en dicho periodo fue de 1701 viviendas, de las cuales, 585 correspondieron a casas y 1116 a departamentos. Las autoridades indicaron que la determinaci\u00f3n del d\u00e9ficit se bas\u00f3 en fuentes oficiales, sin perjuicio de lo cual, en la Regi\u00f3n se poseen m\u00e1s subsidios para ir atendiendo otras demandas que actualmente se registran, lo que permitir\u00e1 superar las cifras de los a\u00f1os anteriores.<\/p>\n\n\n\n<p>El&nbsp;<strong>Seremi de Vivienda y Urbanismo, Marco Uribe<\/strong>, hizo presente a las directivas que<strong>&nbsp;\u201cel Plan de Emergencia Habitacional se enfoca prioritariamente en las familias ubicadas en el tramo del 40 por ciento m\u00e1s vulnerable de la poblaci\u00f3n a fin de que, a trav\u00e9s de proyectos habitacionales desarrollados por las Entidades Patrocinantes, se disminuya efectivamente el d\u00e9ficit que actualmente enfrenta el pa\u00eds derivado del allegamiento, hacinamiento, y habitabilidad precaria\u201d.<\/strong><\/p>\n\n\n\n<p>En cuanto a la preocupaci\u00f3n manifestada por las agrupaciones de transparentar la demanda habitacional, el&nbsp;<strong>Director Regional (S) del Serviu, Omar Gonz\u00e1lez&nbsp;&nbsp;<\/strong>inform\u00f3<strong>&nbsp;\u201cinvitamos a las directivas a remitir sus listados de integrantes al SERVIU, ya que a la fecha la Entidad Patrocinante Municipal no ha ingresado ning\u00fan proyecto habitacional para las respectivas agrupaciones, por lo que no puede cuantificarse la demanda de dichas familias, ni dar curso a la revisi\u00f3n de los proyectos y al an\u00e1lisis de los recursos que se requieren para la ejecuci\u00f3n de sus respectivos proyectos habitacionales\u201d<\/strong>. Sin perjuicio de lo anterior, las Entidades Patrocinantes est\u00e1n habilitadas para ingresar los datos de las agrupaciones al sistema de informaci\u00f3n territorial de la demanda MINVU Conecta.<\/p>\n\n\n\n<p>En el marco del convenio de programaci\u00f3n Minvu-Gore que establece el cofinanciamiento de 6500 soluciones habitacionales para un periodo de siete a\u00f1os, la&nbsp;<strong>jefa de la Divisi\u00f3n de Presupuesto e Inversi\u00f3n del Gobierno Regional, Eugenia Mancilla<\/strong>&nbsp;indic\u00f3<strong>&nbsp;\u201cComo Gobierno Regional y particularmente la decisi\u00f3n que tom\u00f3 el Gobernador Jorge Flies es de comenzar un trabajo con todas estas agrupaciones para viabilizar sus proyectos habitacionales. Nos sentimos muy satisfechos porque hemos tenido un di\u00e1logo franco, directo, se les ha explicado adem\u00e1s los alcances y t\u00e9rminos del convenio de programaci\u00f3n Minvu-Gore suscrito el a\u00f1o pasado y la buena noticia es que vamos a contar con un reglamento que va a establecer las reglas sobre las cuales se van a poder viabilizar estos proyectos habitacionales, la focalizaci\u00f3n, los beneficiarios, las caracter\u00edsticas y tambi\u00e9n con una pertinencia regional y darle la tranquilidad a estos dirigentes que la calidad constructiva que se ha utilizado en estos proyectos habitacionales los \u00faltimos a\u00f1os, no va a decaer\u201d.<\/strong><\/p>\n","protected":false},"excerpt":{"rendered":"<p>La serie de reuniones sostenidas este viernes, tuvo por objetivo entregar respuesta a una carta presentada el 14 de julio por once agrupaciones de vivienda, de las cu\u00e1les, nueve se&#8230; <a class=\"read-more\" href=\"https:\/\/www.radiopresidenteibanez.cl\/web\/autoridades-del-minvu-y-gobierno-regional-se-reunieron-con-directivas-de-agrupaciones-de-la-entidad-patrocinante-municipal-que-no-cuentan-con-proyecto-habitacional\/\">Leer m\u00e1s<\/a><\/p>\n","protected":false},"author":2,"featured_media":31964,"comment_status":"closed","ping_status":"closed","sticky":false,"template":"","format":"standard","meta":{"footnotes":""},"categories":[1],"tags":[],"class_list":["post-31963","post","type-post","status-publish","format-standard","has-post-thumbnail","hentry","category-cronica"],"_links":{"self":[{"href":"https:\/\/www.radiopresidenteibanez.cl\/web\/wp-json\/wp\/v2\/posts\/31963","targetHints":{"allow":["GET"]}}],"collection":[{"href":"https:\/\/www.radiopresidenteibanez.cl\/web\/wp-json\/wp\/v2\/posts"}],"about":[{"href":"https:\/\/www.radiopresidenteibanez.cl\/web\/wp-json\/wp\/v2\/types\/post"}],"author":[{"embeddable":true,"href":"https:\/\/www.radiopresidenteibanez.cl\/web\/wp-json\/wp\/v2\/users\/2"}],"replies":[{"embeddable":true,"href":"https:\/\/www.radiopresidenteibanez.cl\/web\/wp-json\/wp\/v2\/comments?post=31963"}],"version-history":[{"count":0,"href":"https:\/\/www.radiopresidenteibanez.cl\/web\/wp-json\/wp\/v2\/posts\/31963\/revisions"}],"wp:featuredmedia":[{"embeddable":true,"href":"https:\/\/www.radiopresidenteibanez.cl\/web\/wp-json\/wp\/v2\/media\/31964"}],"wp:attachment":[{"href":"https:\/\/www.radiopresidenteibanez.cl\/web\/wp-json\/wp\/v2\/media?parent=31963"}],"wp:term":[{"taxonomy":"category","embeddable":true,"href":"https:\/\/www.radiopresidenteibanez.cl\/web\/wp-json\/wp\/v2\/categories?post=31963"},{"taxonomy":"post_tag","embeddable":true,"href":"https:\/\/www.radiopresidenteibanez.cl\/web\/wp-json\/wp\/v2\/tags?post=31963"}],"curies":[{"name":"wp","href":"https:\/\/api.w.org\/{rel}","templated":true}]}}