{"id":319,"date":"2019-01-09T14:18:32","date_gmt":"2019-01-09T14:18:32","guid":{"rendered":"http:\/\/www.radiopresidenteibanez.cl\/web\/?p=319"},"modified":"2019-01-09T14:18:39","modified_gmt":"2019-01-09T14:18:39","slug":"se-dio-inicio-en-magallanes-a-la-campana-de-vacunacion-contra-el-sarampion-en-jovenes-de-20-a-24-anos-11-meses-y-29-dias","status":"publish","type":"post","link":"https:\/\/www.radiopresidenteibanez.cl\/web\/se-dio-inicio-en-magallanes-a-la-campana-de-vacunacion-contra-el-sarampion-en-jovenes-de-20-a-24-anos-11-meses-y-29-dias\/","title":{"rendered":"SE DIO INICIO EN MAGALLANES A LA CAMPA\u00d1A DE VACUNACI\u00d3N CONTRA EL SARAMPI\u00d3N EN J\u00d3VENES DE 20 A 24 A\u00d1OS, 11 MESES Y 29 D\u00cdAS"},"content":{"rendered":"\n<p><strong>La confirmaci\u00f3n por parte del\nInstituto de Salud P\u00fablica de 23 casos de sarampi\u00f3n importados en nuestro pa\u00eds,\nllev\u00f3 al Ministerio de Salud a generar estrategias preventivas frente a este\nbrote en protecci\u00f3n de la salud p\u00fablica del pa\u00eds. Es as\u00ed como se dio inicio a\nuna Campa\u00f1a de Vacunaci\u00f3n para personas<\/strong>\nde&nbsp;<strong>edades entre 20 y 24\na\u00f1os, 11 meses y 29 d\u00edas<\/strong>.<strong><\/strong><\/p>\n\n\n\n<p><strong>Esta campa\u00f1a que fue lanzada\ncomunicacionalmente el 4 de enero pasado a nivel central y hoy 8 de enero en\nnuestra regi\u00f3n, tanto en Punta Arenas como en Puerto Natales. En la capital\nregional se dio el vamos a dicha Campa\u00f1a en el Centro de Salud Familiar\n(CESFAM) Dr. Juan Damianovic con un importante marco de j\u00f3venes asistentes y\nacompa\u00f1ados por el SEREMI de Salud (S), Sergio Ruiz, la Directora del Servicio\nde Salud de Magallanes (S), Karin Uribe, el Secretario General de la Corporaci\u00f3n\nMunicipal de Punta Arenas, Segundo Alvarez, la Directora del CESFAM, Macarena\nNu\u00f1ez, el profesional asesor del \u00e1rea de salud de la Cormupa, Gabriel Vega, y\nequipos de salud.<\/strong><\/p>\n\n\n\n<p><strong>El SEREMI de Salud (S), Sergio\nRuiz, se\u00f1al\u00f3 que \u201cesta campa\u00f1a <\/strong>de refuerzo contra el\nSarampi\u00f3n responde a la serie de casos presentados en el norte del pa\u00eds. Es\nimportante se\u00f1alar que no son casos locales ya que Chile se encuentra libre de\nesta enfermedad desde el a\u00f1o 1992. Nuestro p\u00fablico objetivo son los j\u00f3venes de\n20 a 24 a\u00f1os 11 meses y 29 d\u00edas. La medida sanitaria se dio inicio el 2 de\nenero pasado y se prolongar\u00e1 hasta el 28 de febrero y la idea es alcanzar una\ncobertura de un 80%\u201d.<\/p>\n\n\n\n<p>Manifest\u00f3 que esta vacuna es gratuita\nen los vacunatorios de la red p\u00fablica de salud y vacunatorios privados en\nconvenio con la SEREMI de Salud. Pueden acceder a ella todos los residentes del\npa\u00eds que se encuentren en el rango de edad antes mencionado. Adem\u00e1s de Proteger\ncontra el Sarampi\u00f3n la vacuna tres v\u00edrica SRP que estamos administrando en\nCampa\u00f1a protege contra la Parotiditis o Papera y la Rub\u00e9ola.<\/p>\n\n\n\n<p>La\nDirectora (S) del Servicio de Salud Magallanes, Karin Uribe, indic\u00f3 que&nbsp;\nla idea es hacer un llamado a la poblaci\u00f3n juvenil, enfatizando que la vacuna\nest\u00e1 disponible gratuitamente a nivel de Atenci\u00f3n Primaria, es decir, se\nencuentra en todo los CESFAM y CECOSF de nuestra regi\u00f3n, para as\u00ed prevenir,\nestar mejor y m\u00e1s sano. Agreg\u00f3, que en general los horarios de atenci\u00f3n son de\nlas 09.00 hasta las 12.30 horas en la ma\u00f1ana y en la tarde de las 14.30 hasta\nlas 16.00 horas, aproximadamente. En Porvenir y en Puerto Williams, las vacunas\nest\u00e1n disponibles en sus respectivos hospitales comunitarios&nbsp;y en Puerto\nNatales en el CESFAM Dr. Juan Lozic.&nbsp; Adem\u00e1s de las Postas de Salud Rural.\n<\/p>\n\n\n\n<p>Se contempla que la poblaci\u00f3n objetivo\nalcanza a 1.390.097 personas a nivel nacional. En Magallanes, en tanto, se&nbsp; estima en 11.133 personas.<\/p>\n\n\n\n<p>El\nSecretario General de la Corporaci\u00f3n de Punta Arenas, Segundo Alvarez, expres\u00f3\nque \u201cesta es una campa\u00f1a preventiva que fue lanzada por el Ministerio de Salud,\nque a nosotros nos compete porque se administra es todos los Centros de Salud,\ndonde atenderemos en los horarios que corresponda. El llamado es a que los j\u00f3venes\nacudan a vacunarse\u201d, agregando que como pa\u00eds tenemos erradicada esta\nenfermedad, pero como medida preventiva es importante que todos los j\u00f3venes de\neste rango de edad acudan a los centros de salud.<\/p>\n\n\n\n<p><strong>En tanto, la Directora del CESFAM\nDr. Juan Damianovic, Macarena Nu\u00f1ez, explic\u00f3 que los horarios de atenci\u00f3n del Vacunatorio\nde este Centro de Salud es de lunes a jueves de 8.30 a 12.30 horas en la ma\u00f1ana,\ny de 14.30 a 16.30 horas en la tarde y los d\u00edas viernes hasta las 16:00 horas.\nManifest\u00f3 que los j\u00f3venes s\u00f3lo deben llevar su c\u00e9dula de identidad y que es un\ntr\u00e1mite expedito. Acot\u00f3 que esta vacuna es la posibilidad de protegerse frente\na diversas enfermedades.<\/strong><\/p>\n\n\n\n<p><strong>Uno de los j\u00f3venes que recibi\u00f3\nesta vacuna, Blahienco Vrsalovic Saldivia de 23 a\u00f1os, relat\u00f3 que se enter\u00f3 de\nesta Campa\u00f1a a trav\u00e9s de redes sociales y ah\u00ed pudo informarse de que se\ntrataba. Consider\u00f3 que es necesario frente a enfermedades virales tomar las\nprecauciones y as\u00ed evitar problemas en la salud p\u00fablica y en especial en los\nj\u00f3venes. \u201cHago un llamado a los j\u00f3venes a vacunarse y en especial porque es\ngratis\u201d, afirm\u00f3.<\/strong><\/p>\n\n\n\n<p>La\nCoordinadora Regional del Programa Nacional de Inmunizaciones (PNI), Janet\nVrsalovic, manifest\u00f3 que junto a esta Campa\u00f1a se mantienen las medidas y\nsugerencias difundidas con anterioridad por el Ministerio de Salud en materia\nde personas que viajar\u00e1n a cualquier destino fuera del pa\u00eds, correspondientes\na los siguientes grupos:<\/p>\n\n\n\n<ul class=\"wp-block-list\"><li>Viajeros nacidos 1971 y 1981 y que no tengan\nantecedentes de haber recibido 2 dosis de vacuna despu\u00e9s de los 12 meses de\nedad.<strong><\/strong><\/li><\/ul>\n\n\n\n<ul class=\"wp-block-list\"><li>Ni\u00f1os mayores de 1 a\u00f1o y menores de 7 a\u00f1os que tienen\nsolo 1 dosis administrada, deben ser vacunados por lo menos 2 semanas antes del\nviaje.<\/li><\/ul>\n\n\n\n<ul class=\"wp-block-list\"><li>Lactantes entre 6 y 11 meses 29 d\u00edas de edad,\ndeben recibir 1 dosis por lo menos 2 semanas antes del viaje. Posteriormente\ndeben seguir el calendario de vacunaci\u00f3n normal a las edades establecidas por\nel PNI.&nbsp;<\/li><\/ul>\n\n\n\n<p>De igual forma es fundamental realizar puesta al\nd\u00eda de calendarios de vacunaci\u00f3n de quienes no tengan claro su estatus\nvacunal.&nbsp;<\/p>\n\n\n\n<p><strong>Antecedentes\n<\/strong><\/p>\n\n\n\n<p>En Chile, tras la interrupci\u00f3n de la transmisi\u00f3n\naut\u00f3ctona del sarampi\u00f3n en 1992, se han presentado casos aislados o brotes\nespor\u00e1dicos de sarampi\u00f3n relacionados a casos importados en el verano 1998-1999,\nen 2003, 2009, 2011 y 2015.<\/p>\n\n\n\n<p>La OPS\/OMS recomienda, que los ni\u00f1os reciban dos\ndosis de la vacuna contra el sarampi\u00f3n y que los pa\u00edses que apuntan a la\neliminaci\u00f3n del sarampi\u00f3n deben lograr coberturas \u226595% con ambas dosis en todos\nlos ni\u00f1os en cada distrito. En Chile, para la protecci\u00f3n del sarampi\u00f3n, el\nesquema vigente considera la administraci\u00f3n de 2 dosis de esta vacuna, la\nprimera dosis a los 12 meses de vida y la segunda dosis en primer a\u00f1o de\neducaci\u00f3n b\u00e1sica.<\/p>\n\n\n\n<p>En los \u00faltimos 5 a\u00f1os las coberturas con la primera\ndosis de SRP han fluctuado entre 94,4 y 97,2%, y la cobertura de la 2\u00b0 dosis,\nadministrada en 1\u00b0 b\u00e1sico (de refuerzo) ha alcanzado en el a\u00f1o 2017 un 90,5%.<\/p>\n\n\n\n<p>Los casos importados y la presencia de la enfermedad\nde sarampi\u00f3n en otros pa\u00edses han generado la necesidad de fortalecer la\nvacunaci\u00f3n en viajeros y en otros grupos etarios. <\/p>\n","protected":false},"excerpt":{"rendered":"<p>La confirmaci\u00f3n por parte del Instituto de Salud P\u00fablica de 23 casos de sarampi\u00f3n importados en nuestro pa\u00eds, llev\u00f3 al Ministerio de Salud a generar estrategias preventivas frente a este&#8230; <a class=\"read-more\" href=\"https:\/\/www.radiopresidenteibanez.cl\/web\/se-dio-inicio-en-magallanes-a-la-campana-de-vacunacion-contra-el-sarampion-en-jovenes-de-20-a-24-anos-11-meses-y-29-dias\/\">Leer m\u00e1s<\/a><\/p>\n","protected":false},"author":2,"featured_media":320,"comment_status":"closed","ping_status":"closed","sticky":false,"template":"","format":"standard","meta":{"footnotes":""},"categories":[1],"tags":[],"class_list":["post-319","post","type-post","status-publish","format-standard","has-post-thumbnail","hentry","category-cronica"],"_links":{"self":[{"href":"https:\/\/www.radiopresidenteibanez.cl\/web\/wp-json\/wp\/v2\/posts\/319","targetHints":{"allow":["GET"]}}],"collection":[{"href":"https:\/\/www.radiopresidenteibanez.cl\/web\/wp-json\/wp\/v2\/posts"}],"about":[{"href":"https:\/\/www.radiopresidenteibanez.cl\/web\/wp-json\/wp\/v2\/types\/post"}],"author":[{"embeddable":true,"href":"https:\/\/www.radiopresidenteibanez.cl\/web\/wp-json\/wp\/v2\/users\/2"}],"replies":[{"embeddable":true,"href":"https:\/\/www.radiopresidenteibanez.cl\/web\/wp-json\/wp\/v2\/comments?post=319"}],"version-history":[{"count":0,"href":"https:\/\/www.radiopresidenteibanez.cl\/web\/wp-json\/wp\/v2\/posts\/319\/revisions"}],"wp:featuredmedia":[{"embeddable":true,"href":"https:\/\/www.radiopresidenteibanez.cl\/web\/wp-json\/wp\/v2\/media\/320"}],"wp:attachment":[{"href":"https:\/\/www.radiopresidenteibanez.cl\/web\/wp-json\/wp\/v2\/media?parent=319"}],"wp:term":[{"taxonomy":"category","embeddable":true,"href":"https:\/\/www.radiopresidenteibanez.cl\/web\/wp-json\/wp\/v2\/categories?post=319"},{"taxonomy":"post_tag","embeddable":true,"href":"https:\/\/www.radiopresidenteibanez.cl\/web\/wp-json\/wp\/v2\/tags?post=319"}],"curies":[{"name":"wp","href":"https:\/\/api.w.org\/{rel}","templated":true}]}}