{"id":31896,"date":"2022-08-11T18:23:00","date_gmt":"2022-08-11T21:23:00","guid":{"rendered":"https:\/\/www.radiopresidenteibanez.cl\/web\/?p=31896"},"modified":"2022-08-11T16:23:03","modified_gmt":"2022-08-11T19:23:03","slug":"mas-de-trescientas-personas-participaron-de-un-exitoso-gobierno-en-terreno","status":"publish","type":"post","link":"https:\/\/www.radiopresidenteibanez.cl\/web\/mas-de-trescientas-personas-participaron-de-un-exitoso-gobierno-en-terreno\/","title":{"rendered":"MAS DE TRESCIENTAS PERSONAS PARTICIPARON DE UN EXITOSO GOBIERNO EN TERRENO"},"content":{"rendered":"\n<p>Aproximadamente trescientas cincuenta personas\nse acercaron a las instalaciones de la parroquia Cristo Obrero, para acceder a\nla amplia oferta de servicios p\u00fablicos que puso a disposici\u00f3n la Delegaci\u00f3n\nPresidencial Regional (DPR) de Magallanes y su equipo de Gobierno en Terreno\npara los vecinos del sector.<\/p>\n\n\n\n<p>Contribuyendo a la alta convocatoria, estuvo el\nOratorio Jacinto Bocco,&nbsp; cuyos\nintegrantes quisieron conmemorar sus 35 a\u00f1os al servicio de la comunidad, haciendo\nuna invitaci\u00f3n junto a la Delegaci\u00f3n Presidencial a un gran n\u00famero de vecinos y\nvecinas para que pudieran acceder a una amplia oferta program\u00e1tica de diversos\nServicios P\u00fablicos.<\/p>\n\n\n\n<p>Dentro de los servicios a los que pudieron\nacceder los vecinos, se encontraban:&nbsp;  Registro\nCivil e Identificaci\u00f3n, con la entrega de c\u00e9dulas de identidad y pasaporte;\nJunaeb, con la Tarjeta Nacional Estudiantil (TNE); Senda; Senadis; Seremi de Educaci\u00f3n y Conaf con la entrega de arbolitos end\u00e9micos de\nla regi\u00f3n, entre otros.<\/p>\n\n\n\n<p>La Delegada\nPresidencial Regional, Luz Berm\u00fadez Sandoval, manifest\u00f3 su satisfacci\u00f3n,\nindicando que \u201cCreo que estas plazas ciudadanas, que constituyen los Gobiernos\nen Terrenos, deben ser aprovechadas en su real dimensi\u00f3n, es una oportunidad de\nllegar a las personas con la oferta p\u00fablica que los servicios pueden traer\nhasta ellas. Este fue un gobierno en terreno exitoso, con la visita de cientos\nde personas y eso nos habla de que tenemos que estar all\u00ed, de que, por una\nparte, es importante hacer grandes cosas, grandes cambios, pero por otra,\ntambi\u00e9n tenemos que estar atentos a lo inmediato, las necesidades que, aunque\nm\u00e1s peque\u00f1as, igualmente tienen que ser cubiertas y con la voluntad de todos y\ntodas, podemos contribuir con los detalles que tambi\u00e9n forman parte de un\ncambio mayor\u201d.<\/p>\n\n\n\n<p>Uno de los stands m\u00e1s visitados fue el de la\nSeremi de Gobierno, que estuvieron entregando ejemplares\nde la propuesta de Nueva Constituci\u00f3n. Por otra parte el Liceo Sara Braun, quien a trav\u00e9s de sus estudiantes\nde la especialidad de enfermer\u00eda, realiz\u00f3 ex\u00e1menes preventivos, tuvo bastante\nconcurrencia. As\u00ed lo explic\u00f3 Ailyn Contreras, alumna del III\u00b0 medio B: \u201ces una\nmuy buena la idea, porque sirve para adquirir experiencia y as\u00ed practicar con\nla gente y a la vez que no haya miedo o desconfianza para manejar los\nimplementos. Hoy estamos tomando la presi\u00f3n, glicemia y temperatura\u201d.<\/p>\n\n\n\n<p>La Seremi de Justicia, Michelle Petaut, \u201cpara\nnuestro Gobierno es fundamental la realizaci\u00f3n de los Gobiernos en Terreno, ya\nque permiten mostrar el quehacer de nuestros distintos servicios a la comunidad\ny por otra parte tambi\u00e9n realizar tr\u00e1mites, sobre todo a quienes disponen de\nmenos tiempo o tienen dificultades de acceso al centro c\u00edvico de la ciudad.\nPero tambi\u00e9n por el trabajo colaborativo que se gestiona en conjunto con la\ncomunidad organizada y la posibilidad de muchas organizaciones de mostrar\nefectivamente cu\u00e1l es su trabajo a los vecinos y vecinas de un determinado\nterritorio\u201d.<\/p>\n\n\n\n<p>Fue un Gobierno en Terreno diverso, con varios\nenfoques, que permiti\u00f3 atender a p\u00fablico de todas las edades, j\u00f3venes, adultos\ny adultos mayores. Estos \u00faltimos pudieron acceder a la atenci\u00f3n podol\u00f3gica facilitada\npor la Cruz Roja. \u201cLa verdad es que encuentro maravilloso que se preocupen de\nla gente sobre todo del adulto mayor. Yo soy adulto mayor y me siento muy\nreconfortado con la preocupaci\u00f3n que han tenido con la gente\u201d. Resalt\u00f3 V\u00edctor\nVillegas<em>.<\/em><\/p>\n\n\n\n<p>La actividad se desarroll\u00f3 con un amplio margen\nde p\u00fablico, que disfrut\u00f3 adem\u00e1s de la oferta program\u00e1tica de: Seremi de Educaci\u00f3n; Escuela Arturo Prat, Carabineros de Chile con su\nOficina Comunitaria, Servicio de la Ni\u00f1ez, Cormupa con cl\u00ednica m\u00f3vil\nodontol\u00f3gica. La Delegada Presidencial, agradeci\u00f3, adem\u00e1s, el entusiasmo y\ntrabajo de Arevol, esta red de voluntariado que es integrada por 16\nagrupaciones, y cuya presidenta, Zoila Sierpe, dej\u00f3 de manifiesto que est\u00e1n\nsiempre dispuestos al trabajo mancomunado. Y es precisamente esta apertura y el\ngran gesto del Oratorio Jacinto Bocco, que como parte de sus celebraciones\nabri\u00f3 sus puertas para incorporar dentro de sus celebraciones por su\nAniversario 35, una vez m\u00e1s, el servicio a la comunidad, en un acto de\nsolidaridad con los vecinos y vecinas del sector.<\/p>\n","protected":false},"excerpt":{"rendered":"<p>Aproximadamente trescientas cincuenta personas se acercaron a las instalaciones de la parroquia Cristo Obrero, para acceder a la amplia oferta de servicios p\u00fablicos que puso a disposici\u00f3n la Delegaci\u00f3n Presidencial&#8230; <a class=\"read-more\" href=\"https:\/\/www.radiopresidenteibanez.cl\/web\/mas-de-trescientas-personas-participaron-de-un-exitoso-gobierno-en-terreno\/\">Leer m\u00e1s<\/a><\/p>\n","protected":false},"author":2,"featured_media":31897,"comment_status":"closed","ping_status":"closed","sticky":false,"template":"","format":"standard","meta":{"footnotes":""},"categories":[1],"tags":[],"class_list":["post-31896","post","type-post","status-publish","format-standard","has-post-thumbnail","hentry","category-cronica"],"_links":{"self":[{"href":"https:\/\/www.radiopresidenteibanez.cl\/web\/wp-json\/wp\/v2\/posts\/31896","targetHints":{"allow":["GET"]}}],"collection":[{"href":"https:\/\/www.radiopresidenteibanez.cl\/web\/wp-json\/wp\/v2\/posts"}],"about":[{"href":"https:\/\/www.radiopresidenteibanez.cl\/web\/wp-json\/wp\/v2\/types\/post"}],"author":[{"embeddable":true,"href":"https:\/\/www.radiopresidenteibanez.cl\/web\/wp-json\/wp\/v2\/users\/2"}],"replies":[{"embeddable":true,"href":"https:\/\/www.radiopresidenteibanez.cl\/web\/wp-json\/wp\/v2\/comments?post=31896"}],"version-history":[{"count":0,"href":"https:\/\/www.radiopresidenteibanez.cl\/web\/wp-json\/wp\/v2\/posts\/31896\/revisions"}],"wp:featuredmedia":[{"embeddable":true,"href":"https:\/\/www.radiopresidenteibanez.cl\/web\/wp-json\/wp\/v2\/media\/31897"}],"wp:attachment":[{"href":"https:\/\/www.radiopresidenteibanez.cl\/web\/wp-json\/wp\/v2\/media?parent=31896"}],"wp:term":[{"taxonomy":"category","embeddable":true,"href":"https:\/\/www.radiopresidenteibanez.cl\/web\/wp-json\/wp\/v2\/categories?post=31896"},{"taxonomy":"post_tag","embeddable":true,"href":"https:\/\/www.radiopresidenteibanez.cl\/web\/wp-json\/wp\/v2\/tags?post=31896"}],"curies":[{"name":"wp","href":"https:\/\/api.w.org\/{rel}","templated":true}]}}