{"id":31856,"date":"2022-08-10T15:31:27","date_gmt":"2022-08-10T18:31:27","guid":{"rendered":"https:\/\/www.radiopresidenteibanez.cl\/web\/?p=31856"},"modified":"2022-08-10T15:31:45","modified_gmt":"2022-08-10T18:31:45","slug":"informativo-orbe","status":"publish","type":"post","link":"https:\/\/www.radiopresidenteibanez.cl\/web\/informativo-orbe\/","title":{"rendered":"INFORMATIVO ORBE"},"content":{"rendered":"\n<p>\n\nTEMUCO.- El gobernador de La Araucan\u00eda, Luciano Rivas, tras<br>conversar el martes con el Presidente Boric durante el Foro<br>de Descentralizaci\u00f3n realizado en Frutillar, Regi\u00f3n de Los<br>Lagos, dijo que el Mandatario se comprometi\u00f3 a visitar La<br>Araucan\u00eda. Adem\u00e1s, Rivas se\u00f1al\u00f3 que le record\u00f3 su compromiso<br>de tramitar la Ley de Reparaci\u00f3n de V\u00edctimas, que se le<br>entreg\u00f3 en febrero de este a\u00f1o. \u00abEsperamos que ahora s\u00ed<br>cumpla y que se haga presente en nuestra Regi\u00f3n\u00bb, afirm\u00f3.<\/p>\n\n\n\n<p>SANTIAGO.- El Colegio de Profesores no descart\u00f3 un paro ante<br>el aumento de hechos de violencia al interior del Instituto<br>Nacional y otros recintos de la regi\u00f3n Metropolitana. Mario<br>Aguilar, presidente del regional Metropolitano de Profesores,<br>dijo que \u00absi no se pasa de la ret\u00f3rica a la acci\u00f3n concreta<br>con una soluci\u00f3n real, si no se abordan los hechos<br>delictuales como tales, esto no se va a resolver y, por el<br>contrario, se continuar\u00e1 agudizando\u00bb, a\u00f1adi\u00f3.<\/p>\n\n\n\n<p>SANTIAGO.- El otrora canciller y extimonel del Partido por la<br>Democracia, Heraldo Mu\u00f1oz, afirm\u00f3 que la l\u00f3gica de promover<br>un \u00abApruebo para reformar\u00bb, es el \u00abmejor camino\u00bb para invitar<br>a la ciudadan\u00eda a visar la propuesta de nueva Constituci\u00f3n en<br>el plebiscito de septiembre. Mu\u00f1oz sostuvo que \u00abAprobar para<br>mejorar es el mejor camino, es la mejor manera de salvar el<br>Apruebo, porque las encuestas est\u00e1n demostrando ventaja para<br>el Rechazo\u00bb.<\/p>\n\n\n\n<p>SANTIAGO.- Asimismo, a\u00f1adi\u00f3 que \u00abla gente se da cuenta de que<br>\u00e9ste no es un texto constitucional perfecto y que amerita ser<br>reformado\u00bb, por lo que plante\u00f3 que, adem\u00e1s, \u00abes la mejor<br>manera de ganar indecisos, el voto blando del Rechazo y a los<br>dubitativos de centroizquierda\u00bb. Dijo, de todos modos, que<br>esa postura \u00abno es nada desesperada, es lo sensato\u00bb. No<br>obstante que alert\u00f3 que \u00abhay recuperar la mayor\u00eda del 78 por<br>ciento del plebiscito de entrada, que ahora no tenemos\u00bb.<\/p>\n\n\n\n<p>SANTIAGO.- El exsenador de la Democracia Cristiana, DC,<br>Ignacio Walker manifest\u00f3 que la propuesta de nueva<br>Constituci\u00f3n es un \u00abengendro que no existe en ninguna parte<br>del mundo\u00bb. El exministro, quien ya se manifest\u00f3 por el<br>Rechazo, el plante\u00f3 que el texto propone un \u00abpresidencialismo<br>con bicameralismo asim\u00e9trico\u00bb, resultado -seg\u00fan Walker- de<br>\u00abun tira y afloja\u00bb.<\/p>\n\n\n\n<p>SANTIAGO.- Luego de que el lunes el INE informara que la<br>inflaci\u00f3n en el pa\u00eds creci\u00f3 con fuerza 1,4 por ciento en<br>julio, para posicionar al dato anual en un rudo 13,1 por<br>ciento, el mercado ajust\u00f3 sus proyecciones y elev\u00f3 el techo<br>para la tasa de inter\u00e9s. Los expertos sondeados esperan que<br>la inflaci\u00f3n mensual siga marcando alzas en torno a 1 por<br>ciento en los meses de agosto y septiembre, y esperan que la<br>variaci\u00f3n acumulada termine 2022 en 12,3 por ciento.\n\n<\/p>\n","protected":false},"excerpt":{"rendered":"<p>TEMUCO.- El gobernador de La Araucan\u00eda, Luciano Rivas, trasconversar el martes con el Presidente Boric durante el Forode Descentralizaci\u00f3n realizado en Frutillar, Regi\u00f3n de LosLagos, dijo que el Mandatario se&#8230; <a class=\"read-more\" href=\"https:\/\/www.radiopresidenteibanez.cl\/web\/informativo-orbe\/\">Leer m\u00e1s<\/a><\/p>\n","protected":false},"author":2,"featured_media":31857,"comment_status":"closed","ping_status":"closed","sticky":false,"template":"","format":"standard","meta":{"footnotes":""},"categories":[1],"tags":[],"class_list":["post-31856","post","type-post","status-publish","format-standard","has-post-thumbnail","hentry","category-cronica"],"_links":{"self":[{"href":"https:\/\/www.radiopresidenteibanez.cl\/web\/wp-json\/wp\/v2\/posts\/31856","targetHints":{"allow":["GET"]}}],"collection":[{"href":"https:\/\/www.radiopresidenteibanez.cl\/web\/wp-json\/wp\/v2\/posts"}],"about":[{"href":"https:\/\/www.radiopresidenteibanez.cl\/web\/wp-json\/wp\/v2\/types\/post"}],"author":[{"embeddable":true,"href":"https:\/\/www.radiopresidenteibanez.cl\/web\/wp-json\/wp\/v2\/users\/2"}],"replies":[{"embeddable":true,"href":"https:\/\/www.radiopresidenteibanez.cl\/web\/wp-json\/wp\/v2\/comments?post=31856"}],"version-history":[{"count":0,"href":"https:\/\/www.radiopresidenteibanez.cl\/web\/wp-json\/wp\/v2\/posts\/31856\/revisions"}],"wp:featuredmedia":[{"embeddable":true,"href":"https:\/\/www.radiopresidenteibanez.cl\/web\/wp-json\/wp\/v2\/media\/31857"}],"wp:attachment":[{"href":"https:\/\/www.radiopresidenteibanez.cl\/web\/wp-json\/wp\/v2\/media?parent=31856"}],"wp:term":[{"taxonomy":"category","embeddable":true,"href":"https:\/\/www.radiopresidenteibanez.cl\/web\/wp-json\/wp\/v2\/categories?post=31856"},{"taxonomy":"post_tag","embeddable":true,"href":"https:\/\/www.radiopresidenteibanez.cl\/web\/wp-json\/wp\/v2\/tags?post=31856"}],"curies":[{"name":"wp","href":"https:\/\/api.w.org\/{rel}","templated":true}]}}