{"id":31834,"date":"2022-08-09T18:47:00","date_gmt":"2022-08-09T21:47:00","guid":{"rendered":"https:\/\/www.radiopresidenteibanez.cl\/web\/?p=31834"},"modified":"2022-08-09T16:27:19","modified_gmt":"2022-08-09T19:27:19","slug":"hyst-se-prepara-para-la-3-version-de-la-enprotur-patagonia-2022","status":"publish","type":"post","link":"https:\/\/www.radiopresidenteibanez.cl\/web\/hyst-se-prepara-para-la-3-version-de-la-enprotur-patagonia-2022\/","title":{"rendered":"HYST SE PREPARA PARA LA 3\u00b0 VERSION DE LA ENPROTUR PATAGONIA 2022"},"content":{"rendered":"\n<p>Conectar a las empresas y servicios tur\u00edsticos de Magallanes con los\nproveedores locales y regionales, y as\u00ed generar nuevas alianzas comerciales es\nel objetivo de la ENPROTUR Patagonia 2022.<strong> <\/strong><strong><\/strong><\/p>\n\n\n\n<p>El evento que se realizar\u00e1 por tercera vez en nuestra Regi\u00f3n es\norganizado por la Asociaci\u00f3n de Hoteles y Servicios Tur\u00edsticos de Torres del\nPaine, HYST, y se efectuar\u00e1 el pr\u00f3ximo 18 de agosto en el Hotel Dreams.<\/p>\n\n\n\n<p>\u201cYa estamos trabajando en la producci\u00f3n de este evento, que no hemos\npodido realizar hace tres a\u00f1os debido a la pandemia. Estamos muy entusiasmados,\nya que, a trav\u00e9s de ruedas de negocio, exposiciones y un showroom, esta\nactividad permite generar acercamiento entre las empresas del turismo y los diversos\nproveedores de servicios de la industria que est\u00e1n presentes en Magallanes\u201d,\ncoment\u00f3 el gerente de HYST, Crist\u00f3bal Ben\u00edtez.<\/p>\n\n\n\n<p>Agreg\u00f3 que \u201cesperamos superar la cantidad de empresas participantes, que\nen promedio alcanza las 80 participantes entre hoteles regionales y empresas\nproveedoras de la industria. Para esto, invitamos a todos los interesados a\ninscribirse en la p\u00e1gina web del evento que es <a href=\"http:\/\/www.enprotur.cl\">www.enprotur.cl<\/a>\u201d.<\/p>\n\n\n\n<p>Para la Asociaci\u00f3n de Hoteles y Servicios Tur\u00edsticos de Torres del Paine,\nla alianza con las distintas empresas peque\u00f1as, medianas y grandes proveedoras\nde productos y servicios de la Regi\u00f3n es muy importante, y est\u00e1n muy contentos\nde retomar esta iniciativa que fortalece la cadena de valor del turismo en\nMagallanes y fomenta el emprendimiento regional.<\/p>\n","protected":false},"excerpt":{"rendered":"<p>Conectar a las empresas y servicios tur\u00edsticos de Magallanes con los proveedores locales y regionales, y as\u00ed generar nuevas alianzas comerciales es el objetivo de la ENPROTUR Patagonia 2022. El&#8230; <a class=\"read-more\" href=\"https:\/\/www.radiopresidenteibanez.cl\/web\/hyst-se-prepara-para-la-3-version-de-la-enprotur-patagonia-2022\/\">Leer m\u00e1s<\/a><\/p>\n","protected":false},"author":2,"featured_media":31835,"comment_status":"closed","ping_status":"closed","sticky":false,"template":"","format":"standard","meta":{"footnotes":""},"categories":[1],"tags":[],"class_list":["post-31834","post","type-post","status-publish","format-standard","has-post-thumbnail","hentry","category-cronica"],"_links":{"self":[{"href":"https:\/\/www.radiopresidenteibanez.cl\/web\/wp-json\/wp\/v2\/posts\/31834","targetHints":{"allow":["GET"]}}],"collection":[{"href":"https:\/\/www.radiopresidenteibanez.cl\/web\/wp-json\/wp\/v2\/posts"}],"about":[{"href":"https:\/\/www.radiopresidenteibanez.cl\/web\/wp-json\/wp\/v2\/types\/post"}],"author":[{"embeddable":true,"href":"https:\/\/www.radiopresidenteibanez.cl\/web\/wp-json\/wp\/v2\/users\/2"}],"replies":[{"embeddable":true,"href":"https:\/\/www.radiopresidenteibanez.cl\/web\/wp-json\/wp\/v2\/comments?post=31834"}],"version-history":[{"count":0,"href":"https:\/\/www.radiopresidenteibanez.cl\/web\/wp-json\/wp\/v2\/posts\/31834\/revisions"}],"wp:featuredmedia":[{"embeddable":true,"href":"https:\/\/www.radiopresidenteibanez.cl\/web\/wp-json\/wp\/v2\/media\/31835"}],"wp:attachment":[{"href":"https:\/\/www.radiopresidenteibanez.cl\/web\/wp-json\/wp\/v2\/media?parent=31834"}],"wp:term":[{"taxonomy":"category","embeddable":true,"href":"https:\/\/www.radiopresidenteibanez.cl\/web\/wp-json\/wp\/v2\/categories?post=31834"},{"taxonomy":"post_tag","embeddable":true,"href":"https:\/\/www.radiopresidenteibanez.cl\/web\/wp-json\/wp\/v2\/tags?post=31834"}],"curies":[{"name":"wp","href":"https:\/\/api.w.org\/{rel}","templated":true}]}}