{"id":31828,"date":"2022-08-09T16:56:00","date_gmt":"2022-08-09T19:56:00","guid":{"rendered":"https:\/\/www.radiopresidenteibanez.cl\/web\/?p=31828"},"modified":"2022-08-09T15:50:34","modified_gmt":"2022-08-09T18:50:34","slug":"encuentro-regional-de-teatro-estudiantil-2022-rinde-homenaje-a-escritor-aristoteles-espana","status":"publish","type":"post","link":"https:\/\/www.radiopresidenteibanez.cl\/web\/encuentro-regional-de-teatro-estudiantil-2022-rinde-homenaje-a-escritor-aristoteles-espana\/","title":{"rendered":"ENCUENTRO REGIONAL DE TEATRO ESTUDIANTIL 2022 RINDE HOMENAJE A ESCRITOR ARISTOTELES ESPA\u00d1A"},"content":{"rendered":"\n<p>Tras el\nobjetivo de resaltar su legado y aporte en el \u00e1mbito de la literatura y las\nartes esc\u00e9nicas, la Seremi de las Culturas, las Artes y el Patrimonio,\ndetermin\u00f3 otorgar el nombre del escritor Arist\u00f3teles Espa\u00f1a al tradicional\nEncuentro Regional de Teatro Estudiantil.<\/p>\n\n\n\n<p>As\u00ed lo\nconfirm\u00f3 la ma\u00f1ana de este martes el titular de la cartera, Diego Garc\u00eda,\ndurante la ceremonia de lanzamiento de una nueva edici\u00f3n del certamen que tiene\npor objetivo promover la pr\u00e1ctica del teatro en los establecimientos educacionales\nde la regi\u00f3n de Magallanes y de la Ant\u00e1rtica Chilena.<\/p>\n\n\n\n<p>\u201cEl\nencuentro este a\u00f1o lleva el nombre de Arist\u00f3teles Espa\u00f1a; una forma que tenemos\nde rendir homenaje a un importante agente cultural para la historia de nuestra\nregi\u00f3n y quien en vida desarroll\u00f3 importantes obras literarias, pero tambi\u00e9n\nacompa\u00f1\u00f3 procesos formativos en el teatro. Nos parece oportuno relevar y seguir\nvisibilizando su legado, sobre todo en materia formativa con estudiantes de la\nregi\u00f3n de Magallanes\u201d, recalc\u00f3 Garc\u00eda, tras la presentaci\u00f3n efectuada en\ndependencias del liceo Sara Braun de Punta Arenas y a la que asistieron\nescritoras, escritores, actores, actrices, autoridades encabezadas por la\nDelegada Presidencial Regional, Luz Berm\u00fadez; el director del\nestablecimiento anfitri\u00f3n, N\u00e9stor R\u00edos y estudiantes.&nbsp;<\/p>\n\n\n\n<p>La\nceremonia de lanzamiento consider\u00f3 las intervenciones teatrales \u00abGabriela\nAustral\u00bb, a cargo de la actriz Carolina Gonz\u00e1lez y \u00abRecuerdos\nde don Abel\u00bb,\ninterpretada por el actor Juan Aro. Ambos cuadros fueron reconocidos y\naplaudidos por la asistencia.<\/p>\n\n\n\n<p>\u201cEsta es\nnuestra l\u00ednea de trabajo. Creemos que en la formaci\u00f3n de los j\u00f3venes no\nsolamente tiene que prevalecer el dato duro, sino tambi\u00e9n estos elementos que\nnos hacen personas, como es la creaci\u00f3n art\u00edstica y las manifestaciones\nart\u00edsticas, que son una de las caracter\u00edsticas que debemos desarrollar y\npotenciar en nuestros j\u00f3venes\u201d, resalt\u00f3 el director del liceo Sara Braun,\nrespecto de la iniciativa orientada a estudiantes y que surgi\u00f3 en la regi\u00f3n el\na\u00f1o 1990 bajo el alero de la Divisi\u00f3n de Cultura del Ministerio de Educaci\u00f3n.<\/p>\n\n\n\n<p>El\nper\u00edodo de inscripci\u00f3n para participar en el Encuentro de Teatro Estudiantil\nArist\u00f3teles Espa\u00f1a se encuentra abierto. Los interesados en formar parte del\nevento, que considera las categor\u00edas educaci\u00f3n b\u00e1sica y media, deben gestionar\nsu cupo directamente desde su establecimiento educacional o tomar contacto con\nla Secretar\u00eda Regional Ministerial de las Culturas, las Artes y el Patrimonio,\nubicada en calle Pedro Montt N\u00b0 809, Punta Arenas.&nbsp;El plazo vence el 16 de\nseptiembre del 2022.<\/p>\n\n\n\n<p>El\ncertamen, que surge desde el programa Fortalecimiento de la Identidad Cultural\nRegional, se llevar\u00e1 a cabo los d\u00edas 8, 9 y 10 de noviembre en el teatro\nmunicipal Jos\u00e9 Bohr de la capital regional.<\/p>\n\n\n\n<p>Otra de\nlas novedades de la presente versi\u00f3n la constituir\u00e1 el aporte especializado del\nSindicato de Actrices y Actores de Magallanes (SIDARTE). Integrantes de esta\nagrupaci\u00f3n se sumar\u00e1n a la fase formativa, mediante la realizaci\u00f3n de talleres\ny acompa\u00f1amiento a los elencos que exhibir\u00e1n sus montajes.<\/p>\n\n\n\n<p><strong>Arist\u00f3teles\nEspa\u00f1a<\/strong><\/p>\n\n\n\n<p>El poeta\nArist\u00f3teles Espa\u00f1a, naci\u00f3 el a\u00f1o 1955 en Castro y falleci\u00f3 en Valpara\u00edso, el 28\nde julio de 2011. Fue un f\u00e9rreo defensor de los Derechos Humanos. Imparti\u00f3\ntalleres literarios en distintas ciudades a lo largo de todo Chile y tambi\u00e9n se\ndedic\u00f3 a trabajar en el mundo de las artes esc\u00e9nicas. A los 17 a\u00f1os de edad\npresid\u00eda la Federaci\u00f3n de Estudiantes Secundarios de Magallanes y tras el golpe\nmilitar de 1973 fue relegado al centro de detenci\u00f3n Isla Dawson. Producto de su\ntalento literario gan\u00f3 el premio \u00abGabriela Mistral\u00bb en 1983 y el\npremio latinoamericano Rub\u00e9n Dar\u00edo, otorgado por el Ministerio de Culturad de\nNicaragua en 1985. Entre sus obras destacan Incendio del silencio (1978),\nDawson (1985), Contra la corriente (1989), El sur de la memoria (1992), Los\np\u00e1jaros postguerra (1995) y Materia de eliminaci\u00f3n (1998).<\/p>\n","protected":false},"excerpt":{"rendered":"<p>Tras el objetivo de resaltar su legado y aporte en el \u00e1mbito de la literatura y las artes esc\u00e9nicas, la Seremi de las Culturas, las Artes y el Patrimonio, determin\u00f3&#8230; <a class=\"read-more\" href=\"https:\/\/www.radiopresidenteibanez.cl\/web\/encuentro-regional-de-teatro-estudiantil-2022-rinde-homenaje-a-escritor-aristoteles-espana\/\">Leer m\u00e1s<\/a><\/p>\n","protected":false},"author":2,"featured_media":31829,"comment_status":"closed","ping_status":"closed","sticky":false,"template":"","format":"standard","meta":{"footnotes":""},"categories":[1],"tags":[],"class_list":["post-31828","post","type-post","status-publish","format-standard","has-post-thumbnail","hentry","category-cronica"],"_links":{"self":[{"href":"https:\/\/www.radiopresidenteibanez.cl\/web\/wp-json\/wp\/v2\/posts\/31828","targetHints":{"allow":["GET"]}}],"collection":[{"href":"https:\/\/www.radiopresidenteibanez.cl\/web\/wp-json\/wp\/v2\/posts"}],"about":[{"href":"https:\/\/www.radiopresidenteibanez.cl\/web\/wp-json\/wp\/v2\/types\/post"}],"author":[{"embeddable":true,"href":"https:\/\/www.radiopresidenteibanez.cl\/web\/wp-json\/wp\/v2\/users\/2"}],"replies":[{"embeddable":true,"href":"https:\/\/www.radiopresidenteibanez.cl\/web\/wp-json\/wp\/v2\/comments?post=31828"}],"version-history":[{"count":0,"href":"https:\/\/www.radiopresidenteibanez.cl\/web\/wp-json\/wp\/v2\/posts\/31828\/revisions"}],"wp:featuredmedia":[{"embeddable":true,"href":"https:\/\/www.radiopresidenteibanez.cl\/web\/wp-json\/wp\/v2\/media\/31829"}],"wp:attachment":[{"href":"https:\/\/www.radiopresidenteibanez.cl\/web\/wp-json\/wp\/v2\/media?parent=31828"}],"wp:term":[{"taxonomy":"category","embeddable":true,"href":"https:\/\/www.radiopresidenteibanez.cl\/web\/wp-json\/wp\/v2\/categories?post=31828"},{"taxonomy":"post_tag","embeddable":true,"href":"https:\/\/www.radiopresidenteibanez.cl\/web\/wp-json\/wp\/v2\/tags?post=31828"}],"curies":[{"name":"wp","href":"https:\/\/api.w.org\/{rel}","templated":true}]}}