{"id":3182,"date":"2019-04-09T12:50:17","date_gmt":"2019-04-09T12:50:17","guid":{"rendered":"http:\/\/www.radiopresidenteibanez.cl\/web\/?p=3182"},"modified":"2019-04-09T12:50:41","modified_gmt":"2019-04-09T12:50:41","slug":"80-de-avance-presentan-obras-de-conservacion-en-la-pista-principal-del-aeropuerto-presidente-carlos-ibanez-del-campo","status":"publish","type":"post","link":"https:\/\/www.radiopresidenteibanez.cl\/web\/80-de-avance-presentan-obras-de-conservacion-en-la-pista-principal-del-aeropuerto-presidente-carlos-ibanez-del-campo\/","title":{"rendered":"80 % DE AVANCE PRESENTAN OBRAS DE CONSERVACI\u00d3N EN LA PISTA PRINCIPAL DEL AEROPUERTO PRESIDENTE CARLOS IB\u00c1\u00d1EZ DEL CAMPO"},"content":{"rendered":"\n<p>Un\n80% de avance presentan los trabajos de conservaci\u00f3n rutinaria de la pista\nprincipal 25-07, del Aeropuerto\nPresidente Carlos Ib\u00e1\u00f1ez del Campo.<\/p>\n\n\n\n<p>Se trata de una\niniciativa ejecutada por la Direcci\u00f3n de\nAeropuertos&nbsp;del Ministerio de Obras P\u00fablicas, que, como destac\u00f3 el Seremi\nPablo Rendoll, busca mejorar la operatividad y seguridad en las operaciones\na\u00e9reas.<\/p>\n\n\n\n<p>\u201cLos trabajos tienen\npor finalidad devolver las condiciones estructurales y de serviciabilidad, a\nobjeto de minimizar en lo sucesivo las intervenciones de la pista con obras de\nmantenci\u00f3n, lo que va en directo beneficio de las operaciones a\u00e9reas, que no\nsufrir\u00e1n interrupciones por mantenimiento anual en cuanto a bacheos\u201d, dijo el\nSeremi del MOP. <\/p>\n\n\n\n<p>Por su parte, el\nDirector Regional de Aeropuertos, Hardy Rehbein, se\u00f1al\u00f3 que el proyecto\nconsidera la intervenci\u00f3n de m\u00e1s de 60.500 m2 de la pista, la cual se ejecuta\nen dos etapas continuas, con el objetivo de mantener la normal operaci\u00f3n del\naeropuerto.<\/p>\n\n\n\n<p>Adem\u00e1s de la\nconservaci\u00f3n, el proyecto considera nuevas luces de borde de pista tipo LED, y\ncambios en los sistemas de ayudas visuales para aproximaci\u00f3n.<\/p>\n\n\n\n<p>A\u00f1adi\u00f3 Rehbein que estas obras son complementarias al Plan de Reposici\u00f3n de Pavimentos del \u00c1rea de Movimientos del Aeropuerto Pdte. Ib\u00e1\u00f1ez, iniciado en 2009 por la Direcci\u00f3n de Aeropuertos del MOP.<\/p>\n\n\n\n<figure class=\"wp-block-image\"><img loading=\"lazy\" decoding=\"async\" width=\"900\" height=\"600\" src=\"https:\/\/www.radiopresidenteibanez.cl\/web\/wp-content\/uploads\/2019\/04\/IMG_8485.jpg\" alt=\"\" class=\"wp-image-3183\" srcset=\"https:\/\/www.radiopresidenteibanez.cl\/web\/wp-content\/uploads\/2019\/04\/IMG_8485.jpg 900w, https:\/\/www.radiopresidenteibanez.cl\/web\/wp-content\/uploads\/2019\/04\/IMG_8485-300x200.jpg 300w, https:\/\/www.radiopresidenteibanez.cl\/web\/wp-content\/uploads\/2019\/04\/IMG_8485-768x512.jpg 768w\" sizes=\"auto, (max-width: 900px) 100vw, 900px\" \/><\/figure>\n","protected":false},"excerpt":{"rendered":"<p>Un 80% de avance presentan los trabajos de conservaci\u00f3n rutinaria de la pista principal 25-07, del Aeropuerto Presidente Carlos Ib\u00e1\u00f1ez del Campo. Se trata de una iniciativa ejecutada por la&#8230; <a class=\"read-more\" href=\"https:\/\/www.radiopresidenteibanez.cl\/web\/80-de-avance-presentan-obras-de-conservacion-en-la-pista-principal-del-aeropuerto-presidente-carlos-ibanez-del-campo\/\">Leer m\u00e1s<\/a><\/p>\n","protected":false},"author":2,"featured_media":3183,"comment_status":"closed","ping_status":"closed","sticky":false,"template":"","format":"standard","meta":{"footnotes":""},"categories":[1],"tags":[],"class_list":["post-3182","post","type-post","status-publish","format-standard","has-post-thumbnail","hentry","category-cronica"],"_links":{"self":[{"href":"https:\/\/www.radiopresidenteibanez.cl\/web\/wp-json\/wp\/v2\/posts\/3182","targetHints":{"allow":["GET"]}}],"collection":[{"href":"https:\/\/www.radiopresidenteibanez.cl\/web\/wp-json\/wp\/v2\/posts"}],"about":[{"href":"https:\/\/www.radiopresidenteibanez.cl\/web\/wp-json\/wp\/v2\/types\/post"}],"author":[{"embeddable":true,"href":"https:\/\/www.radiopresidenteibanez.cl\/web\/wp-json\/wp\/v2\/users\/2"}],"replies":[{"embeddable":true,"href":"https:\/\/www.radiopresidenteibanez.cl\/web\/wp-json\/wp\/v2\/comments?post=3182"}],"version-history":[{"count":0,"href":"https:\/\/www.radiopresidenteibanez.cl\/web\/wp-json\/wp\/v2\/posts\/3182\/revisions"}],"wp:featuredmedia":[{"embeddable":true,"href":"https:\/\/www.radiopresidenteibanez.cl\/web\/wp-json\/wp\/v2\/media\/3183"}],"wp:attachment":[{"href":"https:\/\/www.radiopresidenteibanez.cl\/web\/wp-json\/wp\/v2\/media?parent=3182"}],"wp:term":[{"taxonomy":"category","embeddable":true,"href":"https:\/\/www.radiopresidenteibanez.cl\/web\/wp-json\/wp\/v2\/categories?post=3182"},{"taxonomy":"post_tag","embeddable":true,"href":"https:\/\/www.radiopresidenteibanez.cl\/web\/wp-json\/wp\/v2\/tags?post=3182"}],"curies":[{"name":"wp","href":"https:\/\/api.w.org\/{rel}","templated":true}]}}