{"id":31819,"date":"2022-08-09T11:37:30","date_gmt":"2022-08-09T14:37:30","guid":{"rendered":"https:\/\/www.radiopresidenteibanez.cl\/web\/?p=31819"},"modified":"2022-08-09T11:37:38","modified_gmt":"2022-08-09T14:37:38","slug":"chick-corea-en-el-ultimo-tren-a-casa","status":"publish","type":"post","link":"https:\/\/www.radiopresidenteibanez.cl\/web\/chick-corea-en-el-ultimo-tren-a-casa\/","title":{"rendered":"CHICK COREA   EN  EL \u00daLTIMO TREN A CASA"},"content":{"rendered":"\n<p>Este jueves 11 de agosto 20 hrs. el programa&nbsp;<em>\u201cEl \u00faltimo tren a casa\u201d&nbsp;<\/em>que produce el Colectivo Aczi\u00f3n Kultural&nbsp;&nbsp;y&nbsp;&nbsp;que conduce Pedro Guichapany en Radio Presidente Ib\u00e1\u00f1ez presenta el Ciclo de Programas&nbsp;<em>\u201cJueves de Jazz\u201d<\/em>, en esta ocasi\u00f3n se dar\u00e1 a conocer la m\u00fasica de&nbsp;<strong>CHICK COREA<\/strong>&nbsp;&nbsp;prestigioso pianista, teclista y compositor estadounidense de jazz, ganador de veinte premios Grammy.<\/p>\n\n\n\n<p>En los a\u00f1os 1960, particip\u00f3 en el nacimiento del jazz fusi\u00f3n como miembro de la banda de&nbsp;<em>Miles Davis<\/em>, y se hizo conocido por su trabajo en dicho g\u00e9nero durante la d\u00e9cada de 1970. Cre\u00f3 el grupo \u201c<em>Return to Forever<\/em>\u201d con otros virtuosos hacia finales de 1971.<\/p>\n\n\n\n<p>A lo largo de los a\u00f1os 1980 y 1990 prosigui\u00f3 con sus colaboraciones con m\u00fasicos como&nbsp;<em>Gary Burton<\/em>&nbsp;y&nbsp;<em>Paco de Lucia<\/em>. Junto con&nbsp;<em>Herbie Hancock<\/em>&nbsp;y&nbsp;<em>Keith Jarrett<\/em>, Chick Corea es considerado uno de los m\u00e1s influyentes pianistas posteriores a&nbsp;<em>Bill Evans&nbsp;<\/em>y&nbsp;<em>McCoy Tyner<\/em>. Compuso varios est\u00e1ndares del jazz:&nbsp;<em>Spain, 500 miles high, Armando&#8217;s rhumba, La Fiesta y Windows.<\/em><\/p>\n\n\n\n<p>Con su&nbsp;<em>\u201cElektric Band\u201d<\/em>&nbsp;en pleno apogeo, Chick Corea cre\u00f3 su complemento perfecto: la&nbsp;<strong>\u201cAkoustic Band\u201d<\/strong>. Con los veteranos de la&nbsp;&nbsp;\u201cElektric Band\u201d,&nbsp;<em>John Patitucci<\/em>&nbsp;en el contrabajo y&nbsp;<em>Dave Weckl<\/em>&nbsp;en la bater\u00eda, el grupo abri\u00f3 un camino totalmente nuevo en el mundo del tr\u00edo de piano: la interacci\u00f3n cin\u00e9tica de los tres miembros, perfeccionada en los originales de Corea de alta velocidad.<\/p>\n\n\n\n<p>El programa mostrar\u00e1 el concierto realizado en el Blue Note de Tokyo, Jap\u00f3n del a\u00f1o 1992.&nbsp;<\/p>\n\n\n\n<p>Debemos recordar que Chick Corea falleci\u00f3 el 9 de febrero de 2021 a los 79 a\u00f1os de edad v\u00edctima de c\u00e1ncer.<br><\/p>\n","protected":false},"excerpt":{"rendered":"<p>Este jueves 11 de agosto 20 hrs. el programa&nbsp;\u201cEl \u00faltimo tren a casa\u201d&nbsp;que produce el Colectivo Aczi\u00f3n Kultural&nbsp;&nbsp;y&nbsp;&nbsp;que conduce Pedro Guichapany en Radio Presidente Ib\u00e1\u00f1ez presenta el Ciclo de Programas&nbsp;\u201cJueves&#8230; <a class=\"read-more\" href=\"https:\/\/www.radiopresidenteibanez.cl\/web\/chick-corea-en-el-ultimo-tren-a-casa\/\">Leer m\u00e1s<\/a><\/p>\n","protected":false},"author":2,"featured_media":31820,"comment_status":"closed","ping_status":"closed","sticky":false,"template":"","format":"standard","meta":{"footnotes":""},"categories":[1],"tags":[],"class_list":["post-31819","post","type-post","status-publish","format-standard","has-post-thumbnail","hentry","category-cronica"],"_links":{"self":[{"href":"https:\/\/www.radiopresidenteibanez.cl\/web\/wp-json\/wp\/v2\/posts\/31819","targetHints":{"allow":["GET"]}}],"collection":[{"href":"https:\/\/www.radiopresidenteibanez.cl\/web\/wp-json\/wp\/v2\/posts"}],"about":[{"href":"https:\/\/www.radiopresidenteibanez.cl\/web\/wp-json\/wp\/v2\/types\/post"}],"author":[{"embeddable":true,"href":"https:\/\/www.radiopresidenteibanez.cl\/web\/wp-json\/wp\/v2\/users\/2"}],"replies":[{"embeddable":true,"href":"https:\/\/www.radiopresidenteibanez.cl\/web\/wp-json\/wp\/v2\/comments?post=31819"}],"version-history":[{"count":0,"href":"https:\/\/www.radiopresidenteibanez.cl\/web\/wp-json\/wp\/v2\/posts\/31819\/revisions"}],"wp:featuredmedia":[{"embeddable":true,"href":"https:\/\/www.radiopresidenteibanez.cl\/web\/wp-json\/wp\/v2\/media\/31820"}],"wp:attachment":[{"href":"https:\/\/www.radiopresidenteibanez.cl\/web\/wp-json\/wp\/v2\/media?parent=31819"}],"wp:term":[{"taxonomy":"category","embeddable":true,"href":"https:\/\/www.radiopresidenteibanez.cl\/web\/wp-json\/wp\/v2\/categories?post=31819"},{"taxonomy":"post_tag","embeddable":true,"href":"https:\/\/www.radiopresidenteibanez.cl\/web\/wp-json\/wp\/v2\/tags?post=31819"}],"curies":[{"name":"wp","href":"https:\/\/api.w.org\/{rel}","templated":true}]}}