{"id":31790,"date":"2022-08-08T14:43:00","date_gmt":"2022-08-08T17:43:00","guid":{"rendered":"https:\/\/www.radiopresidenteibanez.cl\/web\/?p=31790"},"modified":"2022-08-08T14:30:43","modified_gmt":"2022-08-08T17:30:43","slug":"ingreso-medio-mensual-de-los-ocupados-en-magallanes-fue-de-844-329-con-una-brecha-de-genero-del-198-en-desmedro-de-las-mujeres","status":"publish","type":"post","link":"https:\/\/www.radiopresidenteibanez.cl\/web\/ingreso-medio-mensual-de-los-ocupados-en-magallanes-fue-de-844-329-con-una-brecha-de-genero-del-198-en-desmedro-de-las-mujeres\/","title":{"rendered":"Ingreso medio mensual de los ocupados en Magallanes fue de $844.329, con una brecha de g\u00e9nero del 19,8% en desmedro de las mujeres"},"content":{"rendered":"\n<p>Seg\u00fan el Term\u00f3metro Laboral Agosto del Observatorio Laboral de Sence de la regi\u00f3n de Magallanes y de la Ant\u00e1rtica Chilena que es ejecutado por Inacap,&nbsp;para el a\u00f1o 2021, el ingreso medio mensual de los ocupados de la regi\u00f3n fue de $844.329, seg\u00fan lo registrado por la Encuesta Suplementaria de Ingresos (ESI), un m\u00f3dulo complementario de la Encuesta Nacional de Empleo (ENE), del Instituto Nacional de Estad\u00edsticas (INE).<\/p>\n\n\n\n<p>Al desagregar por sexo, el ingreso medio para los hombres fue de $920.050, mientras que para las mujeres fue de $737.644, lo que implica una brecha de g\u00e9nero de 19,8%. Asimismo, para el 2021, la mitad de la poblaci\u00f3n ocupada de Magallanes percibi\u00f3 un ingreso menor o igual a $587.754; al desagregar los datos por sexo, se observa que los hombres registraron un ingreso mediano de $608.022, mientras que la mitad de las mujeres obtuvo un ingreso igual o inferior a $497.489, marcando una diferencia de un 18,2% en desmedro de las mujeres.<\/p>\n\n\n\n<p>Los datos de la encuesta ESI, han sido incorporados al Term\u00f3metro Laboral de Magallanes, desde el mes de agosto, seg\u00fan explic\u00f3 el director subrogante del observatorio regional, Jornan Huentelic\u00e1n, al igual que la informaci\u00f3n del Sistema de An\u00e1lisis de Bolsas de Empleo (SABE) integrada en versiones anteriores,&nbsp;con la finalidad de entregar mayor informaci\u00f3n emp\u00edrica y de calidad que&nbsp; permita orientar la toma de decisiones de todos los actores que participan del ecosistema formativo y laboral de la regi\u00f3n.<\/p>\n\n\n\n<p>La seremi del Trabajo y Previsi\u00f3n Social, Doris Sandoval M., indic\u00f3 que \u201cla brecha salarial responde -entre otros- a que las labores de cuidado, todav\u00eda en mayor medida, recaen en manos y tiempo de las mujeres, transform\u00e1ndose en un obst\u00e1culo, para el acceso al mundo laboral remunerado y formal.&nbsp; Implementar un sistema nacional de cuidados y la co-responsabilidad de hombres y mujeres en la crianza de las ni\u00f1eces, forma parte de nuestros compromisos de gobierno y en ello est\u00e1n hoy, nuestros esfuerzos colaborativos intersectoriales\u201d. Agreg\u00f3 que estas cifras aportan la informaci\u00f3n necesaria para seguir focalizando la oferta de capacitaci\u00f3n y formaci\u00f3n de Sence en las mujeres, as\u00ed como tambi\u00e9n, a trav\u00e9s del programa ChileApoya, que contempla medidas que van en ayuda de las familias, para que las mujeres cuenten con una red de apoyo estatal.<\/p>\n\n\n\n<p><strong>Otros datos<\/strong><\/p>\n\n\n\n<p>En el trimestre m\u00f3vil de abril \u2013 mayo \u2013 junio de 2022, en la regi\u00f3n se registraron 92.180 personas ocupadas, lo que representa un aumento de 5.684 personas ocupadas en comparaci\u00f3n al mismo trimestre m\u00f3vil del 2021. Esto, a su vez, corresponde a un alza de 3,2 puntos porcentuales (pp.) en la tasa de ocupaci\u00f3n regional.<\/p>\n\n\n\n<p><strong>Desocupaci\u00f3n e Inactividad<\/strong><\/p>\n\n\n\n<p>Respecto a las cifras de desocupaci\u00f3n en la regi\u00f3n, para el trimestre m\u00f3vil abril-junio 2022 se registra una tasa de 4,5%. Por su parte, la&nbsp;<a>tasa de inactividad regional a abril-junio 2022 alcanza el 35,3%, existiendo una disminuci\u00f3n de 2,8 pp. respecto al mismo trimestre del a\u00f1o anterior.<\/a><\/p>\n\n\n\n<p><strong>Horas de Trabajo<\/strong><\/p>\n\n\n\n<p>En cuanto al promedio de horas trabajadas, para el trimestre abril-junio 2022 la regi\u00f3n registr\u00f3 un promedio de 41,3 horas habituales de trabajo, mientras que el promedio de horas efectivas de trabajo fue de 40,9. Adem\u00e1s, en dicho trimestre un 34% de los ocupados trabaj\u00f3 45 horas habituales a la semana.<\/p>\n\n\n\n<p><strong>Informalidad<\/strong><\/p>\n\n\n\n<p>Para el trimestre m\u00f3vil abril \u2013 junio 2022, la regi\u00f3n de Magallanes registr\u00f3 una tasa de ocupaci\u00f3n informal de 19,8%, lo que equivale a 18.226 personas.<\/p>\n\n\n\n<p>El reporte completo del Term\u00f3metro Laboral Agosto 2022 se encuentra disponible en el sitio web del Observatorio Laboral:&nbsp;&nbsp;<a href=\"https:\/\/www.observatorionacional.cl\/publicaciones\/2643\" target=\"_blank\" rel=\"noreferrer noopener\">https:\/\/www.observatorionacional.cl\/publicaciones\/2643<\/a><\/p>\n","protected":false},"excerpt":{"rendered":"<p>Seg\u00fan el Term\u00f3metro Laboral Agosto del Observatorio Laboral de Sence de la regi\u00f3n de Magallanes y de la Ant\u00e1rtica Chilena que es ejecutado por Inacap,&nbsp;para el a\u00f1o 2021, el ingreso&#8230; <a class=\"read-more\" href=\"https:\/\/www.radiopresidenteibanez.cl\/web\/ingreso-medio-mensual-de-los-ocupados-en-magallanes-fue-de-844-329-con-una-brecha-de-genero-del-198-en-desmedro-de-las-mujeres\/\">Leer m\u00e1s<\/a><\/p>\n","protected":false},"author":2,"featured_media":31791,"comment_status":"closed","ping_status":"closed","sticky":false,"template":"","format":"standard","meta":{"footnotes":""},"categories":[1],"tags":[],"class_list":["post-31790","post","type-post","status-publish","format-standard","has-post-thumbnail","hentry","category-cronica"],"_links":{"self":[{"href":"https:\/\/www.radiopresidenteibanez.cl\/web\/wp-json\/wp\/v2\/posts\/31790","targetHints":{"allow":["GET"]}}],"collection":[{"href":"https:\/\/www.radiopresidenteibanez.cl\/web\/wp-json\/wp\/v2\/posts"}],"about":[{"href":"https:\/\/www.radiopresidenteibanez.cl\/web\/wp-json\/wp\/v2\/types\/post"}],"author":[{"embeddable":true,"href":"https:\/\/www.radiopresidenteibanez.cl\/web\/wp-json\/wp\/v2\/users\/2"}],"replies":[{"embeddable":true,"href":"https:\/\/www.radiopresidenteibanez.cl\/web\/wp-json\/wp\/v2\/comments?post=31790"}],"version-history":[{"count":0,"href":"https:\/\/www.radiopresidenteibanez.cl\/web\/wp-json\/wp\/v2\/posts\/31790\/revisions"}],"wp:featuredmedia":[{"embeddable":true,"href":"https:\/\/www.radiopresidenteibanez.cl\/web\/wp-json\/wp\/v2\/media\/31791"}],"wp:attachment":[{"href":"https:\/\/www.radiopresidenteibanez.cl\/web\/wp-json\/wp\/v2\/media?parent=31790"}],"wp:term":[{"taxonomy":"category","embeddable":true,"href":"https:\/\/www.radiopresidenteibanez.cl\/web\/wp-json\/wp\/v2\/categories?post=31790"},{"taxonomy":"post_tag","embeddable":true,"href":"https:\/\/www.radiopresidenteibanez.cl\/web\/wp-json\/wp\/v2\/tags?post=31790"}],"curies":[{"name":"wp","href":"https:\/\/api.w.org\/{rel}","templated":true}]}}