{"id":31787,"date":"2022-08-08T12:56:00","date_gmt":"2022-08-08T15:56:00","guid":{"rendered":"https:\/\/www.radiopresidenteibanez.cl\/web\/?p=31787"},"modified":"2022-08-08T12:01:53","modified_gmt":"2022-08-08T15:01:53","slug":"consejero-rodolfo-cardenas-propone-acciones-para-limpiar-el-cableado-en-desuso-de-las-principales-comunas","status":"publish","type":"post","link":"https:\/\/www.radiopresidenteibanez.cl\/web\/consejero-rodolfo-cardenas-propone-acciones-para-limpiar-el-cableado-en-desuso-de-las-principales-comunas\/","title":{"rendered":"Consejero Rodolfo cardenas propone acciones para limpiar el cableado en desuso de las principales comunas"},"content":{"rendered":"\n<p>No es necesario\nmucho andar por las principales calle centrales de Punta Arenas y Natales,\nalzar la mirada, y evidenciar la horrenda contaminaci\u00f3n visual que provoca el\ncableado que a simple vista parece ca\u00f3tico y en desuso, situaci\u00f3n que motiv\u00f3 al\nconsejero regional por Tierra del Fuego, Rodolfo C\u00e1rdenas (PR), a solicitar\nacciones a trav\u00e9s de su esca\u00f1o en el cuerpo colegiado.<\/p>\n\n\n\n<p>\u201cEs de suma\nrelevancia la limpieza de cables en desuso, por cuanto otorga espacios libres\nde contaminaci\u00f3n visual, mejora las condiciones de habitabilidad tanto en los\ncentros de las ciudades como en los barrios (\u2026) M\u00e1s a\u00fan, si existen comunas con\nordenanzas como la municipalidad de Punta Arenas, donde se establecen\nresponsabilidades, adem\u00e1s de las obligaciones que se\u00f1ala la legislaci\u00f3n vigente\nen que se definen los roles de la Subtel,&nbsp;\nmunicipalidades, y empresas de comunicaciones\u201d, se\u00f1al\u00f3 el consejero.<\/p>\n\n\n\n<p>De ah\u00ed que para el\npresidente regional del Partido Radical le sea tan importante impulsar el\ncumplimiento de las normas establecidas, dada la proyecci\u00f3n de la mejora e\ninstalaci\u00f3n de cableados en diversos sectores urbanos y rurales, as\u00ed como los\nejes principales de la ciudad, donde incluso se ha realizado cableado\nsubterr\u00e1neo, pese a lo cual, se siguen viendo los cables en desuso instalados y\nsin remover.<\/p>\n\n\n\n<p>Destac\u00f3 C\u00e1rdenas\nlas acciones concretas que empresas regionales s\u00ed han realizado el retiro de\nsus l\u00edneas en desuso, por lo que estima que con mayor raz\u00f3n \u201cresulta tan importante\ndar cumplimiento a la legislaci\u00f3n vigente para quienes no lo hacen\u201d, a\u00f1adi\u00f3.<\/p>\n\n\n\n<p>\u201cA m\u00e1s de tres a\u00f1os\nde promulgada la ley de retiro de cables en desuso, no existe cumplimiento, y\ncada d\u00eda m\u00e1s vemos como se van saturando los postes de luz como las v\u00edas a\u00e9reas\ndel centro y de los barrios de distintas comunas, es por eso que he solicitado\nque se analice esta problem\u00e1tica a trav\u00e9s de las comisiones del Consejo\nRegional y se exija el cumplimiento de la ley a esas entidades que deben\ncumplir dicho rol\u201d, concluy\u00f3.<\/p>\n","protected":false},"excerpt":{"rendered":"<p>No es necesario mucho andar por las principales calle centrales de Punta Arenas y Natales, alzar la mirada, y evidenciar la horrenda contaminaci\u00f3n visual que provoca el cableado que a&#8230; <a class=\"read-more\" href=\"https:\/\/www.radiopresidenteibanez.cl\/web\/consejero-rodolfo-cardenas-propone-acciones-para-limpiar-el-cableado-en-desuso-de-las-principales-comunas\/\">Leer m\u00e1s<\/a><\/p>\n","protected":false},"author":2,"featured_media":31788,"comment_status":"closed","ping_status":"closed","sticky":false,"template":"","format":"standard","meta":{"footnotes":""},"categories":[1],"tags":[],"class_list":["post-31787","post","type-post","status-publish","format-standard","has-post-thumbnail","hentry","category-cronica"],"_links":{"self":[{"href":"https:\/\/www.radiopresidenteibanez.cl\/web\/wp-json\/wp\/v2\/posts\/31787","targetHints":{"allow":["GET"]}}],"collection":[{"href":"https:\/\/www.radiopresidenteibanez.cl\/web\/wp-json\/wp\/v2\/posts"}],"about":[{"href":"https:\/\/www.radiopresidenteibanez.cl\/web\/wp-json\/wp\/v2\/types\/post"}],"author":[{"embeddable":true,"href":"https:\/\/www.radiopresidenteibanez.cl\/web\/wp-json\/wp\/v2\/users\/2"}],"replies":[{"embeddable":true,"href":"https:\/\/www.radiopresidenteibanez.cl\/web\/wp-json\/wp\/v2\/comments?post=31787"}],"version-history":[{"count":0,"href":"https:\/\/www.radiopresidenteibanez.cl\/web\/wp-json\/wp\/v2\/posts\/31787\/revisions"}],"wp:featuredmedia":[{"embeddable":true,"href":"https:\/\/www.radiopresidenteibanez.cl\/web\/wp-json\/wp\/v2\/media\/31788"}],"wp:attachment":[{"href":"https:\/\/www.radiopresidenteibanez.cl\/web\/wp-json\/wp\/v2\/media?parent=31787"}],"wp:term":[{"taxonomy":"category","embeddable":true,"href":"https:\/\/www.radiopresidenteibanez.cl\/web\/wp-json\/wp\/v2\/categories?post=31787"},{"taxonomy":"post_tag","embeddable":true,"href":"https:\/\/www.radiopresidenteibanez.cl\/web\/wp-json\/wp\/v2\/tags?post=31787"}],"curies":[{"name":"wp","href":"https:\/\/api.w.org\/{rel}","templated":true}]}}