{"id":31784,"date":"2022-08-08T11:56:42","date_gmt":"2022-08-08T14:56:42","guid":{"rendered":"https:\/\/www.radiopresidenteibanez.cl\/web\/?p=31784"},"modified":"2022-08-08T11:56:49","modified_gmt":"2022-08-08T14:56:49","slug":"senador-kusanovic-vemos-cada-vez-mas-posible-que-se-haga-justicia-con-los-pensionados-del-4","status":"publish","type":"post","link":"https:\/\/www.radiopresidenteibanez.cl\/web\/senador-kusanovic-vemos-cada-vez-mas-posible-que-se-haga-justicia-con-los-pensionados-del-4\/","title":{"rendered":"Senador Kusanovic  \u201cVemos cada vez m\u00e1s posible que se haga justicia con los pensionados del 4%\u201d"},"content":{"rendered":"\n<p>\u201cCon optimismo\nvemos como ha ido avanzando el proyecto de acuerdo que presentamos para ir en\nrespuesta a los pensionados del 4%, y es muy importante lo dicho ayer por el ministro\n(Mario) Marcel respecto de una eventual firma de un convenio de pago a la deuda\nhist\u00f3rica que se tiene con los ex pensionados de Empart. Nuestra iniciativa de\ntratar de buscar una soluci\u00f3n y justicia para ellos no fue un esfuerzo en vano,\npor el contrario, avanza r\u00e1pidamente\u201d, manifest\u00f3 hoy (6 de agosto) el senador\npor Magallanes, Alejandro Kusanovic Glusevic.<\/p>\n\n\n\n<p>Lo anterior, en\nvirtud de lo consignado este s\u00e1bado por los medios de comunicaci\u00f3n, que dieron\ncuenta de las palabras del ministro de Hacienda durante su visita a Punta\nArenas, quien se reuni\u00f3 con vecinos de la comuna en la poblaci\u00f3n Fitz Roy,\nafirmando que en su pr\u00f3xima visita \u201cojal\u00e1\u201d anuncie la firma del compromiso para\nel pago de la deuda con los pensionados del 4%.<\/p>\n\n\n\n<p>\u201cSe nos acus\u00f3 en su\nmomento de jugar con las ilusiones de las personas, sin embargo, ahora tenemos\ncerteza de que es necesario agotar todas las instancias para poder encontrar\nsoluciones y no solo quedarse con las buenas intenciones, porque hay que\nrecordar que esto no se trata de buscarles un bono para que est\u00e9n m\u00e1s\ntranquilos, esto es un tema de justicia, ya que estamos hablando de la\nrestituci\u00f3n de sus dineros, no es caridad, es justicia\u201d, enfatiz\u00f3 el\nparlamentario.<\/p>\n\n\n\n<p>Manifest\u00f3 su anhelo\nde que contin\u00fae por buen camino la tramitaci\u00f3n que est\u00e1 ejecutando el Gobierno,\nla recepci\u00f3n de antecedentes de los afectados y la distribuci\u00f3n de fondos para\nejecutar el pago a la deuda de los pensionados de la ex Caja de Empleados\nParticulares, a fin de darle soluci\u00f3n definitiva a trabajadores que en su\nmomento tomaron parte de sus sueldos para abonar a sus jubilaciones, dineros que\nal desaparecer dicha instituci\u00f3n fueron a parar a arcas fiscales y no a sus\njubilaciones.<\/p>\n\n\n\n<p>Cabe recordar que\nen mayo pasado, cumpliendo el compromiso que hab\u00eda adquirido con los \u201cabuelos\ndel 4%\u201d -como se hacen llamar-, y poco de haber asumido su cargo, Kusanovic present\u00f3\nun proyecto de acuerdo en el Senado, apoyado por la mayor\u00eda de los miembros de\nla c\u00e1mara alta, en el que se ofici\u00f3 al Presidente de la Rep\u00fablica, para que\nacogiera la demanda hist\u00f3rica de justicia que clamaban este grupo de\npensionados en Magallanes, gesti\u00f3n que, a la luz de los dichos de Marcel,\npareciera estar ad portas de llegan a puerto.<\/p>\n","protected":false},"excerpt":{"rendered":"<p>\u201cCon optimismo vemos como ha ido avanzando el proyecto de acuerdo que presentamos para ir en respuesta a los pensionados del 4%, y es muy importante lo dicho ayer por&#8230; <a class=\"read-more\" href=\"https:\/\/www.radiopresidenteibanez.cl\/web\/senador-kusanovic-vemos-cada-vez-mas-posible-que-se-haga-justicia-con-los-pensionados-del-4\/\">Leer m\u00e1s<\/a><\/p>\n","protected":false},"author":2,"featured_media":31785,"comment_status":"closed","ping_status":"closed","sticky":false,"template":"","format":"standard","meta":{"footnotes":""},"categories":[1],"tags":[],"class_list":["post-31784","post","type-post","status-publish","format-standard","has-post-thumbnail","hentry","category-cronica"],"_links":{"self":[{"href":"https:\/\/www.radiopresidenteibanez.cl\/web\/wp-json\/wp\/v2\/posts\/31784","targetHints":{"allow":["GET"]}}],"collection":[{"href":"https:\/\/www.radiopresidenteibanez.cl\/web\/wp-json\/wp\/v2\/posts"}],"about":[{"href":"https:\/\/www.radiopresidenteibanez.cl\/web\/wp-json\/wp\/v2\/types\/post"}],"author":[{"embeddable":true,"href":"https:\/\/www.radiopresidenteibanez.cl\/web\/wp-json\/wp\/v2\/users\/2"}],"replies":[{"embeddable":true,"href":"https:\/\/www.radiopresidenteibanez.cl\/web\/wp-json\/wp\/v2\/comments?post=31784"}],"version-history":[{"count":0,"href":"https:\/\/www.radiopresidenteibanez.cl\/web\/wp-json\/wp\/v2\/posts\/31784\/revisions"}],"wp:featuredmedia":[{"embeddable":true,"href":"https:\/\/www.radiopresidenteibanez.cl\/web\/wp-json\/wp\/v2\/media\/31785"}],"wp:attachment":[{"href":"https:\/\/www.radiopresidenteibanez.cl\/web\/wp-json\/wp\/v2\/media?parent=31784"}],"wp:term":[{"taxonomy":"category","embeddable":true,"href":"https:\/\/www.radiopresidenteibanez.cl\/web\/wp-json\/wp\/v2\/categories?post=31784"},{"taxonomy":"post_tag","embeddable":true,"href":"https:\/\/www.radiopresidenteibanez.cl\/web\/wp-json\/wp\/v2\/tags?post=31784"}],"curies":[{"name":"wp","href":"https:\/\/api.w.org\/{rel}","templated":true}]}}